{"id":6894,"date":"2023-12-04T21:57:02","date_gmt":"2023-12-04T21:57:02","guid":{"rendered":"https:\/\/kochamkarkonosze.pl\/zimni-dovolena-na-horach-v-zime-na-horach-stezky-snih-a-relaxace-v-laznich\/"},"modified":"2024-06-14T07:40:56","modified_gmt":"2024-06-14T07:40:56","slug":"zimni-dovolena-na-horach-v-zime-na-horach-stezky-snih-a-relaxace-v-laznich","status":"publish","type":"post","link":"https:\/\/kochamkarkonosze.pl\/cs\/zimni-dovolena-na-horach-v-zime-na-horach-stezky-snih-a-relaxace-v-laznich\/","title":{"rendered":"Zimn\u00ed dovolen\u00e1 na hor\u00e1ch: V zim\u011b na hor\u00e1ch: stezky, sn\u00edh a relaxace v l\u00e1zn\u00edch"},"content":{"rendered":"\t\t<div data-elementor-type=\"wp-post\" data-elementor-id=\"6894\" class=\"elementor elementor-6894 elementor-5981\" data-elementor-post-type=\"post\">\n\t\t\t\t\t\t<section class=\"elementor-section elementor-top-section elementor-element elementor-element-4f172c24 elementor-section-height-min-height elementor-section-boxed elementor-section-height-default elementor-section-items-middle elementor-invisible\" data-id=\"4f172c24\" data-element_type=\"section\" data-settings=\"{&quot;background_background&quot;:&quot;classic&quot;,&quot;animation&quot;:&quot;fadeIn&quot;}\">\n\t\t\t\t\t\t\t<div class=\"elementor-background-overlay\"><\/div>\n\t\t\t\t\t\t\t<div class=\"elementor-container elementor-column-gap-default\">\n\t\t\t\t\t<div class=\"elementor-column elementor-col-100 elementor-top-column elementor-element elementor-element-6d904623\" data-id=\"6d904623\" data-element_type=\"column\">\n\t\t\t<div class=\"elementor-widget-wrap elementor-element-populated\">\n\t\t\t\t\t\t<div class=\"elementor-element elementor-element-e26fda9 elementor-invisible elementor-widget elementor-widget-heading\" data-id=\"e26fda9\" data-element_type=\"widget\" data-settings=\"{&quot;_animation&quot;:&quot;fadeInUp&quot;}\" data-widget_type=\"heading.default\">\n\t\t\t\t<div class=\"elementor-widget-container\">\n\t\t\t\t\t<h1 class=\"elementor-heading-title elementor-size-default\">Zimn\u00ed dovolen\u00e1 na hor\u00e1ch: V zim\u011b na hor\u00e1ch: stezky, sn\u00edh a relaxace v l\u00e1zn\u00edch<\/h1>\t\t\t\t<\/div>\n\t\t\t\t<\/div>\n\t\t\t\t\t<\/div>\n\t\t<\/div>\n\t\t\t\t\t<\/div>\n\t\t<\/section>\n\t\t\t\t<section class=\"elementor-section elementor-top-section elementor-element elementor-element-596b861 elementor-section-boxed elementor-section-height-default elementor-section-height-default\" data-id=\"596b861\" data-element_type=\"section\">\n\t\t\t\t\t\t<div class=\"elementor-container elementor-column-gap-default\">\n\t\t\t\t\t<div class=\"elementor-column elementor-col-100 elementor-top-column elementor-element elementor-element-b4ae46e\" data-id=\"b4ae46e\" data-element_type=\"column\">\n\t\t\t<div class=\"elementor-widget-wrap elementor-element-populated\">\n\t\t\t\t\t\t<div class=\"elementor-element elementor-element-ad53640 elementor-invisible elementor-widget elementor-widget-heading\" data-id=\"ad53640\" data-element_type=\"widget\" data-settings=\"{&quot;_animation&quot;:&quot;fadeInUp&quot;}\" data-widget_type=\"heading.default\">\n\t\t\t\t<div class=\"elementor-widget-container\">\n\t\t\t\t\t<h2 class=\"elementor-heading-title elementor-size-default\">Zimn\u00ed dovolen\u00e1 na hor\u00e1ch: V zim\u011b na hor\u00e1ch: stezky, sn\u00edh a relaxace v l\u00e1zn\u00edch  - to je zaj\u00edmav\u00e9!<\/h2>\t\t\t\t<\/div>\n\t\t\t\t<\/div>\n\t\t\t\t<div class=\"elementor-element elementor-element-f41eefe elementor-drop-cap-yes elementor-drop-cap-view-default elementor-invisible elementor-widget elementor-widget-text-editor\" data-id=\"f41eefe\" data-element_type=\"widget\" data-settings=\"{&quot;_animation&quot;:&quot;fadeInUp&quot;,&quot;drop_cap&quot;:&quot;yes&quot;}\" data-widget_type=\"text-editor.default\">\n\t\t\t\t<div class=\"elementor-widget-container\">\n\t\t\t\t\t\t\t\t\t<p>Zimn\u00ed dovolen\u00e1 je \u010das, na kter\u00fd se mnoho lid\u00ed t\u011b\u0161\u00ed, a hory se st\u00e1vaj\u00ed m\u00edstem pln\u00fdm jedine\u010dn\u00e9ho kouzla. Pro\u010d tedy tr\u00e1vit t\u011bch p\u00e1r voln\u00fdch dn\u00ed pr\u00e1v\u011b v hor\u00e1ch? Zde je n\u011bkolik d\u016fvod\u016f.<\/p>\n<p>Obsah:<\/p>\n<ul>\n<li><a href=\"#pwpzs\"><strong>P\u011b\u0161\u00ed turistika na zimn\u00edch stezk\u00e1ch<\/strong><\/a><\/li>\n<li><a href=\"#jnn\"><strong>Ly\u017eov\u00e1n\u00ed<\/strong><\/a><\/li>\n<li><a href=\"#rwspdpw\"><strong>L\u00e1ze\u0148sk\u00e1 relaxace po dni pln\u00e9m z\u00e1\u017eitk\u016f<\/strong><\/a><\/li>\n<li><a href=\"#wspgn\"><strong>Ve\u010dern\u00ed proch\u00e1zky pod hv\u011bzdnou oblohou<\/strong><\/a><\/li>\n<li><a href=\"#tgsik\"><strong>Tradi\u010dn\u00ed horsk\u00e9 chut\u011b a kuchyn\u011b<\/strong><\/a><\/li>\n<\/ul>\n\t\t\t\t\t\t\t\t<\/div>\n\t\t\t\t<\/div>\n\t\t\t\t<div class=\"elementor-element elementor-element-ed2050e elementor-widget elementor-widget-shortcode\" data-id=\"ed2050e\" data-element_type=\"widget\" data-widget_type=\"shortcode.default\">\n\t\t\t\t<div class=\"elementor-widget-container\">\n\t\t\t\t\t\t\t<div class=\"elementor-shortcode\">\t\t<div data-elementor-type=\"section\" data-elementor-id=\"8247\" class=\"elementor elementor-8247 elementor-2450\" data-elementor-post-type=\"elementor_library\">\n\t\t\t\t\t<section class=\"elementor-section elementor-top-section elementor-element elementor-element-8214074 elementor-section-boxed elementor-section-height-default elementor-section-height-default\" data-id=\"8214074\" data-element_type=\"section\">\n\t\t\t\t\t\t<div class=\"elementor-container elementor-column-gap-default\">\n\t\t\t\t\t<div class=\"elementor-column elementor-col-100 elementor-top-column elementor-element elementor-element-ea844b9\" data-id=\"ea844b9\" data-element_type=\"column\">\n\t\t\t<div class=\"elementor-widget-wrap elementor-element-populated\">\n\t\t\t\t\t\t<div class=\"elementor-element elementor-element-f690958 elementor-widget elementor-widget-image\" data-id=\"f690958\" data-element_type=\"widget\" data-widget_type=\"image.default\">\n\t\t\t\t<div class=\"elementor-widget-container\">\n\t\t\t\t\t\t\t\t\t\t\t\t\t\t\t\t<a href=\"https:\/\/fiveseasons.pl\" target=\"_blank\" rel=\"nofollow\">\n\t\t\t\t\t\t\t<img fetchpriority=\"high\" decoding=\"async\" width=\"2248\" height=\"922\" src=\"https:\/\/kochamkarkonosze.pl\/wp-content\/uploads\/2023\/08\/ZIMA-\u2013-FS-baner-poziomy-para-1.gif\" class=\"attachment-full size-full wp-image-5771\" alt=\"ZIMA \u2013 FS baner poziomy para 1\" \/>\t\t\t\t\t\t\t\t<\/a>\n\t\t\t\t\t\t\t\t\t\t\t\t\t\t\t<\/div>\n\t\t\t\t<\/div>\n\t\t\t\t\t<\/div>\n\t\t<\/div>\n\t\t\t\t\t<\/div>\n\t\t<\/section>\n\t\t\t\t<\/div>\n\t\t<\/div>\n\t\t\t\t\t\t<\/div>\n\t\t\t\t<\/div>\n\t\t\t\t\t<\/div>\n\t\t<\/div>\n\t\t\t\t\t<\/div>\n\t\t<\/section>\n\t\t\t\t<section class=\"elementor-section elementor-top-section elementor-element elementor-element-8ea1849 elementor-section-boxed elementor-section-height-default elementor-section-height-default\" data-id=\"8ea1849\" data-element_type=\"section\">\n\t\t\t\t\t\t<div class=\"elementor-container elementor-column-gap-default\">\n\t\t\t\t\t<div class=\"elementor-column elementor-col-100 elementor-top-column elementor-element elementor-element-3676715\" data-id=\"3676715\" data-element_type=\"column\">\n\t\t\t<div class=\"elementor-widget-wrap elementor-element-populated\">\n\t\t\t\t\t\t<div class=\"elementor-element elementor-element-72afd3e8 elementor-drop-cap-yes elementor-drop-cap-view-default elementor-invisible elementor-widget elementor-widget-text-editor\" data-id=\"72afd3e8\" data-element_type=\"widget\" id=\"pwpzs\" data-settings=\"{&quot;_animation&quot;:&quot;fadeInUp&quot;,&quot;drop_cap&quot;:&quot;yes&quot;}\" data-widget_type=\"text-editor.default\">\n\t\t\t\t<div class=\"elementor-widget-container\">\n\t\t\t\t\t\t\t\t\t<h5><strong>P\u011b\u0161\u00ed turistika na zimn\u00edch stezk\u00e1ch<\/strong><\/h5>\n<p>Horsk\u00e1 krajina dost\u00e1v\u00e1 v zim\u011b zcela nov\u00fd rozm\u011br. B\u00edl\u00e9 sn\u011bhov\u00e9 \u010depice, zamrzl\u00e9 vodop\u00e1dy a stromy pokryt\u00e9 mrazem vytv\u00e1\u0159ej\u00ed malebn\u00e9 v\u00fdhledy. P\u011b\u0161\u00ed turistika na zimn\u00edch stezk\u00e1ch je nejen fyzickou aktivitou, ale tak\u00e9 p\u0159\u00edle\u017eitost\u00ed vychutnat si kr\u00e1su p\u0159\u00edrody v klidn\u00e9m zimn\u00edm prost\u0159ed\u00ed.<\/p>\n\t\t\t\t\t\t\t\t<\/div>\n\t\t\t\t<\/div>\n\t\t\t\t<div class=\"elementor-element elementor-element-1c0ee3d elementor-widget elementor-widget-shortcode\" data-id=\"1c0ee3d\" data-element_type=\"widget\" data-widget_type=\"shortcode.default\">\n\t\t\t\t<div class=\"elementor-widget-container\">\n\t\t\t\t\t\t\t<div class=\"elementor-shortcode\">\t\t<div data-elementor-type=\"section\" data-elementor-id=\"7514\" class=\"elementor elementor-7514 elementor-2443\" data-elementor-post-type=\"elementor_library\">\n\t\t\t\t\t<section class=\"elementor-section elementor-top-section elementor-element elementor-element-8214074 elementor-section-boxed elementor-section-height-default elementor-section-height-default\" data-id=\"8214074\" data-element_type=\"section\">\n\t\t\t\t\t\t<div class=\"elementor-container elementor-column-gap-default\">\n\t\t\t\t\t<div class=\"elementor-column elementor-col-100 elementor-top-column elementor-element elementor-element-ea844b9\" data-id=\"ea844b9\" data-element_type=\"column\">\n\t\t\t<div class=\"elementor-widget-wrap elementor-element-populated\">\n\t\t\t\t\t\t<div class=\"elementor-element elementor-element-f690958 elementor-widget elementor-widget-image\" data-id=\"f690958\" data-element_type=\"widget\" data-widget_type=\"image.default\">\n\t\t\t\t<div class=\"elementor-widget-container\">\n\t\t\t\t\t\t\t\t\t\t\t\t\t\t\t\t<a href=\"https:\/\/elements-hotel.pl\/\" target=\"_blank\" rel=\"nofollow\">\n\t\t\t\t\t\t\t<img decoding=\"async\" width=\"800\" height=\"328\" src=\"https:\/\/kochamkarkonosze.pl\/wp-content\/uploads\/2023\/07\/ELEMENTS-POZIOM-apartamenty-z-saunami.gif\" class=\"attachment-large size-large wp-image-6059\" alt=\"ELEMENTS POZIOM apartamenty z saunami\" \/>\t\t\t\t\t\t\t\t<\/a>\n\t\t\t\t\t\t\t\t\t\t\t\t\t\t\t<\/div>\n\t\t\t\t<\/div>\n\t\t\t\t\t<\/div>\n\t\t<\/div>\n\t\t\t\t\t<\/div>\n\t\t<\/section>\n\t\t\t\t<\/div>\n\t\t<\/div>\n\t\t\t\t\t\t<\/div>\n\t\t\t\t<\/div>\n\t\t\t\t<div class=\"elementor-element elementor-element-1760ba1 elementor-drop-cap-yes elementor-drop-cap-view-default elementor-invisible elementor-widget elementor-widget-text-editor\" data-id=\"1760ba1\" data-element_type=\"widget\" id=\"jnn\" data-settings=\"{&quot;_animation&quot;:&quot;fadeInUp&quot;,&quot;drop_cap&quot;:&quot;yes&quot;}\" data-widget_type=\"text-editor.default\">\n\t\t\t\t<div class=\"elementor-widget-container\">\n\t\t\t\t\t\t\t\t\t<h5><strong>Ly\u017eov\u00e1n\u00ed<\/strong><\/h5>\n<p>Pro milovn\u00edky zimn\u00edch sport\u016f jsou hory skute\u010dn\u00fdm eldor\u00e1dem. Sj\u00ed\u017ed\u011bn\u00ed dob\u0159e p\u0159ipraven\u00fdch sjezdovek na ly\u017e\u00edch nebo snowboardu je nezapomenuteln\u00fd z\u00e1\u017eitek. Horsk\u00e1 ly\u017ea\u0159sk\u00e1 st\u0159ediska nab\u00edzej\u00ed sjezdovky pro ka\u017ed\u00e9ho, a\u0165 u\u017e jste za\u010d\u00e1te\u010dn\u00edk nebo pokro\u010dil\u00fd ly\u017ea\u0159. Ve\u010dern\u00ed sjezdy po osv\u011btlen\u00fdch stezk\u00e1ch maj\u00ed je\u0161t\u011b v\u011bt\u0161\u00ed kouzlo.<\/p>\n\t\t\t\t\t\t\t\t<\/div>\n\t\t\t\t<\/div>\n\t\t\t\t<div class=\"elementor-element elementor-element-df07184 elementor-drop-cap-yes elementor-drop-cap-view-default elementor-invisible elementor-widget elementor-widget-text-editor\" data-id=\"df07184\" data-element_type=\"widget\" id=\"rwspdpw\" data-settings=\"{&quot;_animation&quot;:&quot;fadeInUp&quot;,&quot;drop_cap&quot;:&quot;yes&quot;}\" data-widget_type=\"text-editor.default\">\n\t\t\t\t<div class=\"elementor-widget-container\">\n\t\t\t\t\t\t\t\t\t<h5><strong>L\u00e1ze\u0148sk\u00e1 relaxace po dni pln\u00e9m z\u00e1\u017eitk\u016f<\/strong><\/h5>\n<p>Po n\u00e1ro\u010dn\u00e9m dni na stezce nebo na sjezdovce se nic nevyrovn\u00e1 zaslou\u017een\u00e9mu odpo\u010dinku. Horsk\u00e1 st\u0159ediska nab\u00edzej\u00ed rozs\u00e1hl\u00e1 l\u00e1ze\u0148sk\u00e1 a wellness za\u0159\u00edzen\u00ed, kde si m\u016f\u017eete odpo\u010dinout od unaven\u00fdch sval\u016f. Baz\u00e9ny s v\u00fdhledem na vrcholky hor, bylinkov\u00e9 sauny nebo relaxa\u010dn\u00ed mas\u00e1\u017ee zajist\u00ed, \u017ee si ka\u017ed\u00fd najde n\u011bco pro regeneraci na dal\u0161\u00ed den.<\/p>\n\t\t\t\t\t\t\t\t<\/div>\n\t\t\t\t<\/div>\n\t\t\t\t<div class=\"elementor-element elementor-element-df58b60 elementor-widget elementor-widget-image\" data-id=\"df58b60\" data-element_type=\"widget\" data-widget_type=\"image.default\">\n\t\t\t\t<div class=\"elementor-widget-container\">\n\t\t\t\t\t\t\t\t\t\t\t\t\t\t\t<img decoding=\"async\" width=\"800\" height=\"534\" src=\"https:\/\/kochamkarkonosze.pl\/wp-content\/uploads\/2023\/12\/winter-holidays-in-the-beautiful-mountains-2023-11-27-05-08-05-utc-1-1024x683.webp\" class=\"attachment-large size-large wp-image-6004\" alt=\"winter holidays in the beautiful mountains 2023 11 27 05 08 05 utc 1\" srcset=\"https:\/\/kochamkarkonosze.pl\/wp-content\/uploads\/2023\/12\/winter-holidays-in-the-beautiful-mountains-2023-11-27-05-08-05-utc-1-1024x683.webp 1024w, https:\/\/kochamkarkonosze.pl\/wp-content\/uploads\/2023\/12\/winter-holidays-in-the-beautiful-mountains-2023-11-27-05-08-05-utc-1-300x200.webp 300w, https:\/\/kochamkarkonosze.pl\/wp-content\/uploads\/2023\/12\/winter-holidays-in-the-beautiful-mountains-2023-11-27-05-08-05-utc-1-768x513.webp 768w, https:\/\/kochamkarkonosze.pl\/wp-content\/uploads\/2023\/12\/winter-holidays-in-the-beautiful-mountains-2023-11-27-05-08-05-utc-1-1536x1025.webp 1536w, https:\/\/kochamkarkonosze.pl\/wp-content\/uploads\/2023\/12\/winter-holidays-in-the-beautiful-mountains-2023-11-27-05-08-05-utc-1.webp 1840w\" sizes=\"(max-width: 800px) 100vw, 800px\" \/>\t\t\t\t\t\t\t\t\t\t\t\t\t\t\t<\/div>\n\t\t\t\t<\/div>\n\t\t\t\t<div class=\"elementor-element elementor-element-a0c5951 elementor-drop-cap-yes elementor-drop-cap-view-default elementor-invisible elementor-widget elementor-widget-text-editor\" data-id=\"a0c5951\" data-element_type=\"widget\" id=\"wspgn\" data-settings=\"{&quot;_animation&quot;:&quot;fadeInUp&quot;,&quot;drop_cap&quot;:&quot;yes&quot;}\" data-widget_type=\"text-editor.default\">\n\t\t\t\t<div class=\"elementor-widget-container\">\n\t\t\t\t\t\t\t\t\t<h5><strong>Ve\u010dern\u00ed proch\u00e1zky pod hv\u011bzdnou oblohou<\/strong><\/h5>\n<p>V noci z\u00edsk\u00e1vaj\u00ed hory zcela nov\u00fd v\u00fdraz. \u010cist\u00fd vzduch, vzd\u00e1len\u00e1 sv\u011btla m\u011bsta, hv\u011bzdn\u00e1 obloha &#8211; to v\u0161e d\u011bl\u00e1 z ve\u010dern\u00edch proch\u00e1zek jedine\u010dn\u00fd z\u00e1\u017eitek. Kouzlo zimn\u00edch ve\u010der\u016f umoc\u0148uj\u00ed nezapomenuteln\u00e9 v\u00fdhledy a no\u010dn\u00ed ticho.<\/p>\n\t\t\t\t\t\t\t\t<\/div>\n\t\t\t\t<\/div>\n\t\t\t\t<div class=\"elementor-element elementor-element-cdb18f6 elementor-drop-cap-yes elementor-drop-cap-view-default elementor-invisible elementor-widget elementor-widget-text-editor\" data-id=\"cdb18f6\" data-element_type=\"widget\" id=\"tgsik\" data-settings=\"{&quot;_animation&quot;:&quot;fadeInUp&quot;,&quot;drop_cap&quot;:&quot;yes&quot;}\" data-widget_type=\"text-editor.default\">\n\t\t\t\t<div class=\"elementor-widget-container\">\n\t\t\t\t\t\t\t\t\t<h5><strong>Tradi\u010dn\u00ed horsk\u00e9 chut\u011b a kuchyn\u011b<\/strong><\/h5>\n<p>Dovolen\u00e1 v hor\u00e1ch je tak\u00e9 p\u0159\u00edle\u017eitost\u00ed k ochutn\u00e1n\u00ed region\u00e1ln\u00edch j\u00eddel. Horsk\u00e9 hostince, kde se pod\u00e1vaj\u00ed oscypki, kwa\u015bnica nebo tradi\u010dn\u00ed pirohy, jist\u011b uspokoj\u00ed ka\u017ed\u00e9ho gurm\u00e1na.<\/p>\n\t\t\t\t\t\t\t\t<\/div>\n\t\t\t\t<\/div>\n\t\t\t\t<div class=\"elementor-element elementor-element-b156a26 elementor-widget elementor-widget-image\" data-id=\"b156a26\" data-element_type=\"widget\" data-widget_type=\"image.default\">\n\t\t\t\t<div class=\"elementor-widget-container\">\n\t\t\t\t\t\t\t\t\t\t\t\t\t\t\t<img loading=\"lazy\" decoding=\"async\" width=\"800\" height=\"534\" src=\"https:\/\/kochamkarkonosze.pl\/wp-content\/uploads\/2023\/12\/smiling-woman-enjoying-massage-in-spa-2023-11-27-05-01-17-utc-1-1024x683.webp\" class=\"attachment-large size-large wp-image-6000\" alt=\"smiling woman enjoying massage in spa 2023 11 27 05 01 17 utc 1\" srcset=\"https:\/\/kochamkarkonosze.pl\/wp-content\/uploads\/2023\/12\/smiling-woman-enjoying-massage-in-spa-2023-11-27-05-01-17-utc-1-1024x683.webp 1024w, https:\/\/kochamkarkonosze.pl\/wp-content\/uploads\/2023\/12\/smiling-woman-enjoying-massage-in-spa-2023-11-27-05-01-17-utc-1-300x200.webp 300w, https:\/\/kochamkarkonosze.pl\/wp-content\/uploads\/2023\/12\/smiling-woman-enjoying-massage-in-spa-2023-11-27-05-01-17-utc-1-768x512.webp 768w, https:\/\/kochamkarkonosze.pl\/wp-content\/uploads\/2023\/12\/smiling-woman-enjoying-massage-in-spa-2023-11-27-05-01-17-utc-1.webp 1368w\" sizes=\"(max-width: 800px) 100vw, 800px\" \/>\t\t\t\t\t\t\t\t\t\t\t\t\t\t\t<\/div>\n\t\t\t\t<\/div>\n\t\t\t\t<div class=\"elementor-element elementor-element-0e0bd83 elementor-drop-cap-yes elementor-drop-cap-view-default elementor-invisible elementor-widget elementor-widget-text-editor\" data-id=\"0e0bd83\" data-element_type=\"widget\" data-settings=\"{&quot;_animation&quot;:&quot;fadeInUp&quot;,&quot;drop_cap&quot;:&quot;yes&quot;}\" data-widget_type=\"text-editor.default\">\n\t\t\t\t<div class=\"elementor-widget-container\">\n\t\t\t\t\t\t\t\t\t<p>Zimn\u00ed dovolen\u00e1 na hor\u00e1ch je nejen \u010dasem pro outdoorov\u00e9 aktivity, ale tak\u00e9 p\u0159\u00edle\u017eitost\u00ed k odpo\u010dinku uprost\u0159ed v\u00fdjime\u010dn\u00e9 krajiny a k pozn\u00e1v\u00e1n\u00ed region\u00e1ln\u00edch chut\u00ed. A\u0165 u\u017e d\u00e1v\u00e1te p\u0159ednost ly\u017eov\u00e1n\u00ed na sjezdovk\u00e1ch, nebo klidn\u00fdm proch\u00e1zk\u00e1m po stezk\u00e1ch, hory maj\u00ed co nab\u00eddnout ka\u017ed\u00e9mu, kdo chce co nejl\u00e9pe vyu\u017e\u00edt kouzeln\u00fd potenci\u00e1l zimn\u00ed dovolen\u00e9.<\/p>\n\t\t\t\t\t\t\t\t<\/div>\n\t\t\t\t<\/div>\n\t\t\t\t\t<\/div>\n\t\t<\/div>\n\t\t\t\t\t<\/div>\n\t\t<\/section>\n\t\t\t\t<section class=\"elementor-section elementor-top-section elementor-element elementor-element-e8e9ef4 elementor-section-boxed elementor-section-height-default elementor-section-height-default\" data-id=\"e8e9ef4\" data-element_type=\"section\">\n\t\t\t\t\t\t<div class=\"elementor-container elementor-column-gap-default\">\n\t\t\t\t\t<div class=\"elementor-column elementor-col-100 elementor-top-column elementor-element elementor-element-1226801\" data-id=\"1226801\" data-element_type=\"column\">\n\t\t\t<div class=\"elementor-widget-wrap elementor-element-populated\">\n\t\t\t\t\t\t<div class=\"elementor-element elementor-element-e097e24 elementor-widget__width-auto elementor-invisible elementor-widget elementor-widget-heading\" data-id=\"e097e24\" data-element_type=\"widget\" data-settings=\"{&quot;_animation&quot;:&quot;fadeInUp&quot;}\" data-widget_type=\"heading.default\">\n\t\t\t\t<div class=\"elementor-widget-container\">\n\t\t\t\t\t<h6 class=\"elementor-heading-title elementor-size-default\">nejlep\u0161\u00ed ubytov\u00e1n\u00ed<\/h6>\t\t\t\t<\/div>\n\t\t\t\t<\/div>\n\t\t\t\t<div class=\"elementor-element elementor-element-c4c89ba elementor-invisible elementor-widget elementor-widget-heading\" data-id=\"c4c89ba\" data-element_type=\"widget\" data-settings=\"{&quot;_animation&quot;:&quot;fadeInUp&quot;}\" data-widget_type=\"heading.default\">\n\t\t\t\t<div class=\"elementor-widget-container\">\n\t\t\t\t\t<h2 class=\"elementor-heading-title elementor-size-default\">Pod\u00edvejte se na nejlep\u0161\u00ed ubytov\u00e1n\u00ed<\/h2>\t\t\t\t<\/div>\n\t\t\t\t<\/div>\n\t\t\t\t<div class=\"elementor-element elementor-element-2b04711 elementor-invisible elementor-widget elementor-widget-elementskit-blog-posts\" data-id=\"2b04711\" data-element_type=\"widget\" data-settings=\"{&quot;_animation&quot;:&quot;fadeInUp&quot;}\" data-widget_type=\"elementskit-blog-posts.default\">\n\t\t\t\t<div class=\"elementor-widget-container\">\n\t\t\t\t\t<div class=\"ekit-wid-con\" >        <div id=\"post-items--2b04711\" class=\"row post-items\">\n                    <div class=\"col-lg-4 col-md-6\">\n\n                                    <div class=\"elementskit-post-image-card\">\n                        <div class=\"elementskit-entry-header\">\n                                                            <a href=\"https:\/\/kochamkarkonosze.pl\/cs\/five-seasons-hotel-szklarska-poreba\/\" class=\"elementskit-entry-thumb\">\n                                    <img decoding=\"async\" src=\"https:\/\/kochamkarkonosze.pl\/wp-content\/uploads\/2023\/07\/kocham_karkonosze_five_seasons_hotel-2-768x470.webp\" alt=\"Five Seasons Hotel Szklarska Poreba\">\n                                <\/a><!-- .elementskit-entry-thumb END -->\n                                                            \n                            \n\t\t\t\t\t\t\t\t\t\t\t\t\t<\/div><!-- .elementskit-entry-header END -->\n\n\t\t\t\t\t\t<div class=\"elementskit-post-body \">\n\t\t\t\t\t\t\t\n\t\t\t\t\t\t\t\t\t\t\t\t\t\t\t\t\t\t\t\t\t\t\t\t\t\n\t\t\t\t\t\t\t\t\n\t\t\t\t\t\t\t\t\t\t\t\t\t\t\t\t\t\t\t\t\t<h2 class=\"entry-title\">\n\t\t\t\t\t<a href=\"https:\/\/kochamkarkonosze.pl\/cs\/five-seasons-hotel-szklarska-poreba\/\">\n\t\t\t\t\t\tFive Seasons Hotel Szklarska Poreba\t\t\t\t\t<\/a>\n\t\t\t\t<\/h2>\n\t\t\t\t\t\t\t\t\t\t\t\t\t\t\t\t\t\t\t\t\t\t\t\t\t\t\t\t\t\t\t\t                                                    <\/div><!-- .elementskit-post-body END -->\n                    <\/div>\n                \n            <\/div>\n                    <div class=\"col-lg-4 col-md-6\">\n\n                                    <div class=\"elementskit-post-image-card\">\n                        <div class=\"elementskit-entry-header\">\n                                                            <a href=\"https:\/\/kochamkarkonosze.pl\/cs\/elements-hotel-spa-swieradow-zdroj\/\" class=\"elementskit-entry-thumb\">\n                                    <img decoding=\"async\" src=\"https:\/\/kochamkarkonosze.pl\/wp-content\/uploads\/2023\/07\/kocham_karkonosze_elements_hotel-768x470.webp\" alt=\"Elements Hotel &amp; SPA \u015awierad\u00f3w Zdr\u00f3j\">\n                                <\/a><!-- .elementskit-entry-thumb END -->\n                                                            \n                            \n\t\t\t\t\t\t\t\t\t\t\t\t\t<\/div><!-- .elementskit-entry-header END -->\n\n\t\t\t\t\t\t<div class=\"elementskit-post-body \">\n\t\t\t\t\t\t\t\n\t\t\t\t\t\t\t\t\t\t\t\t\t\t\t\t\t\t\t\t\t\t\t\t\t\n\t\t\t\t\t\t\t\t\n\t\t\t\t\t\t\t\t\t\t\t\t\t\t\t\t\t\t\t\t\t<h2 class=\"entry-title\">\n\t\t\t\t\t<a href=\"https:\/\/kochamkarkonosze.pl\/cs\/elements-hotel-spa-swieradow-zdroj\/\">\n\t\t\t\t\t\tElements Hotel &amp; SPA \u015awierad\u00f3w Zdr\u00f3j\t\t\t\t\t<\/a>\n\t\t\t\t<\/h2>\n\t\t\t\t\t\t\t\t\t\t\t\t\t\t\t\t\t\t\t\t\t\t\t\t\t\t\t\t\t\t\t\t                                                    <\/div><!-- .elementskit-post-body END -->\n                    <\/div>\n                \n            <\/div>\n                    <div class=\"col-lg-4 col-md-6\">\n\n                                    <div class=\"elementskit-post-image-card\">\n                        <div class=\"elementskit-entry-header\">\n                                                            <a href=\"https:\/\/kochamkarkonosze.pl\/cs\/forest-park-hotel-spa-swieradow-zdroj\/\" class=\"elementskit-entry-thumb\">\n                                    <img decoding=\"async\" src=\"https:\/\/kochamkarkonosze.pl\/wp-content\/uploads\/2023\/07\/kocham_karkonosze_forest_park-768x470.png\" alt=\"Forest Park Hotel &amp; SPA \u015awierad\u00f3w-Zdr\u00f3j\">\n                                <\/a><!-- .elementskit-entry-thumb END -->\n                                                            \n                            \n\t\t\t\t\t\t\t\t\t\t\t\t\t<\/div><!-- .elementskit-entry-header END -->\n\n\t\t\t\t\t\t<div class=\"elementskit-post-body \">\n\t\t\t\t\t\t\t\n\t\t\t\t\t\t\t\t\t\t\t\t\t\t\t\t\t\t\t\t\t\t\t\t\t\n\t\t\t\t\t\t\t\t\n\t\t\t\t\t\t\t\t\t\t\t\t\t\t\t\t\t\t\t\t\t<h2 class=\"entry-title\">\n\t\t\t\t\t<a href=\"https:\/\/kochamkarkonosze.pl\/cs\/forest-park-hotel-spa-swieradow-zdroj\/\">\n\t\t\t\t\t\tForest Park Hotel &amp; SPA \u015awierad\u00f3w-Zdr\u00f3j\t\t\t\t\t<\/a>\n\t\t\t\t<\/h2>\n\t\t\t\t\t\t\t\t\t\t\t\t\t\t\t\t\t\t\t\t\t\t\t\t\t\t\t\t\t\t\t\t                                                    <\/div><!-- .elementskit-post-body END -->\n                    <\/div>\n                \n            <\/div>\n                <\/div>\n       <\/div>\t\t\t\t<\/div>\n\t\t\t\t<\/div>\n\t\t\t\t\t<\/div>\n\t\t<\/div>\n\t\t\t\t\t<\/div>\n\t\t<\/section>\n\t\t\t\t<section class=\"elementor-section elementor-top-section elementor-element elementor-element-38548d19 elementor-section-boxed elementor-section-height-default elementor-section-height-default\" data-id=\"38548d19\" data-element_type=\"section\">\n\t\t\t\t\t\t<div class=\"elementor-container elementor-column-gap-default\">\n\t\t\t\t\t<div class=\"elementor-column elementor-col-100 elementor-top-column elementor-element elementor-element-6939b252\" data-id=\"6939b252\" data-element_type=\"column\">\n\t\t\t<div class=\"elementor-widget-wrap elementor-element-populated\">\n\t\t\t\t\t\t<div class=\"elementor-element elementor-element-5aed0444 elementor-widget__width-auto elementor-invisible elementor-widget elementor-widget-heading\" data-id=\"5aed0444\" data-element_type=\"widget\" data-settings=\"{&quot;_animation&quot;:&quot;fadeInUp&quot;}\" data-widget_type=\"heading.default\">\n\t\t\t\t<div class=\"elementor-widget-container\">\n\t\t\t\t\t<h6 class=\"elementor-heading-title elementor-size-default\">viz tak\u00e9<\/h6>\t\t\t\t<\/div>\n\t\t\t\t<\/div>\n\t\t\t\t<div class=\"elementor-element elementor-element-fcf0d06 elementor-invisible elementor-widget elementor-widget-heading\" data-id=\"fcf0d06\" data-element_type=\"widget\" data-settings=\"{&quot;_animation&quot;:&quot;fadeInUp&quot;}\" data-widget_type=\"heading.default\">\n\t\t\t\t<div class=\"elementor-widget-container\">\n\t\t\t\t\t<h2 class=\"elementor-heading-title elementor-size-default\">Dal\u0161\u00ed zaj\u00edmavosti<\/h2>\t\t\t\t<\/div>\n\t\t\t\t<\/div>\n\t\t\t\t<div class=\"elementor-element elementor-element-1cea2dc1 elementor-invisible elementor-widget elementor-widget-elementskit-blog-posts\" data-id=\"1cea2dc1\" data-element_type=\"widget\" data-settings=\"{&quot;_animation&quot;:&quot;fadeInUp&quot;}\" data-widget_type=\"elementskit-blog-posts.default\">\n\t\t\t\t<div class=\"elementor-widget-container\">\n\t\t\t\t\t<div class=\"ekit-wid-con\" >        <div id=\"post-items--1cea2dc1\" class=\"row post-items\">\n                    <div class=\"col-lg-4 col-md-6\">\n\n                                    <div class=\"elementskit-post-image-card\">\n                        <div class=\"elementskit-entry-header\">\n                                                            <a href=\"https:\/\/kochamkarkonosze.pl\/cs\/jak-najit-dobry-byt-v-szklarske-porebe\/\" class=\"elementskit-entry-thumb\">\n                                    <img decoding=\"async\" src=\"https:\/\/kochamkarkonosze.pl\/wp-content\/uploads\/2024\/07\/szklarska-poreba-768x512.webp\" alt=\"Jak naj\u00edt dobr\u00fd byt v Szklarsk\u00e9 Poreb\u011b?\">\n                                <\/a><!-- .elementskit-entry-thumb END -->\n                                                            \n                            \n\t\t\t\t\t\t\t\t\t\t\t\t\t<\/div><!-- .elementskit-entry-header END -->\n\n\t\t\t\t\t\t<div class=\"elementskit-post-body \">\n\t\t\t\t\t\t\t\n\t\t\t\t\t\t\t\t\t\t\t\t\t\t\t\t\t\t\t\t\t\t\t\t\t\n\t\t\t\t\t\t\t\t\n\t\t\t\t\t\t\t\t\t\t\t\t\t\t\t\t\t\t\t\t\t<h2 class=\"entry-title\">\n\t\t\t\t\t<a href=\"https:\/\/kochamkarkonosze.pl\/cs\/jak-najit-dobry-byt-v-szklarske-porebe\/\">\n\t\t\t\t\t\tJak naj\u00edt dobr\u00fd byt v Szklarsk\u00e9 Poreb\u011b?\t\t\t\t\t<\/a>\n\t\t\t\t<\/h2>\n\t\t\t\t\t\t\t\t\t\t\t\t\t\t\t\t\t\t\t\t\t\t\t\t\t\t\t\t\t\t\t\t                                                    <\/div><!-- .elementskit-post-body END -->\n                    <\/div>\n                \n            <\/div>\n                    <div class=\"col-lg-4 col-md-6\">\n\n                                    <div class=\"elementskit-post-image-card\">\n                        <div class=\"elementskit-entry-header\">\n                                                            <a href=\"https:\/\/kochamkarkonosze.pl\/cs\/horske-stezky-v-krkonosich-doporucene-turisticke-trasy\/\" class=\"elementskit-entry-thumb\">\n                                    <img decoding=\"async\" src=\"https:\/\/kochamkarkonosze.pl\/wp-content\/uploads\/2024\/08\/oznaczenie-szlaku-gorskiego-768x512.webp\" alt=\"Horsk\u00e9 stezky v Krkono\u0161\u00edch.\nDoporu\u010den\u00e9 turistick\u00e9 trasy\">\n                                <\/a><!-- .elementskit-entry-thumb END -->\n                                                            \n                            \n\t\t\t\t\t\t\t\t\t\t\t\t\t<\/div><!-- .elementskit-entry-header END -->\n\n\t\t\t\t\t\t<div class=\"elementskit-post-body \">\n\t\t\t\t\t\t\t\n\t\t\t\t\t\t\t\t\t\t\t\t\t\t\t\t\t\t\t\t\t\t\t\t\t\n\t\t\t\t\t\t\t\t\n\t\t\t\t\t\t\t\t\t\t\t\t\t\t\t\t\t\t\t\t\t<h2 class=\"entry-title\">\n\t\t\t\t\t<a href=\"https:\/\/kochamkarkonosze.pl\/cs\/horske-stezky-v-krkonosich-doporucene-turisticke-trasy\/\">\n\t\t\t\t\t\tHorsk\u00e9 stezky v Krkono\u0161\u00edch.\nDoporu\u010den\u00e9 turistick\u00e9 trasy\t\t\t\t\t<\/a>\n\t\t\t\t<\/h2>\n\t\t\t\t\t\t\t\t\t\t\t\t\t\t\t\t\t\t\t\t\t\t\t\t\t\t\t\t\t\t\t\t                                                    <\/div><!-- .elementskit-post-body END -->\n                    <\/div>\n                \n            <\/div>\n                    <div class=\"col-lg-4 col-md-6\">\n\n                                    <div class=\"elementskit-post-image-card\">\n                        <div class=\"elementskit-entry-header\">\n                                                            <a href=\"https:\/\/kochamkarkonosze.pl\/cs\/pro-koho-je-ubytovani-s-vlastnim-stravovanim-dobrou-volbou\/\" class=\"elementskit-entry-thumb\">\n                                    <img decoding=\"async\" src=\"https:\/\/kochamkarkonosze.pl\/wp-content\/uploads\/2024\/08\/sniadanie-w-hotelu-768x512.webp\" alt=\"Pro koho je ubytov\u00e1n\u00ed s vlastn\u00edm stravov\u00e1n\u00edm dobrou volbou?\">\n                                <\/a><!-- .elementskit-entry-thumb END -->\n                                                            \n                            \n\t\t\t\t\t\t\t\t\t\t\t\t\t<\/div><!-- .elementskit-entry-header END -->\n\n\t\t\t\t\t\t<div class=\"elementskit-post-body \">\n\t\t\t\t\t\t\t\n\t\t\t\t\t\t\t\t\t\t\t\t\t\t\t\t\t\t\t\t\t\t\t\t\t\n\t\t\t\t\t\t\t\t\n\t\t\t\t\t\t\t\t\t\t\t\t\t\t\t\t\t\t\t\t\t<h2 class=\"entry-title\">\n\t\t\t\t\t<a href=\"https:\/\/kochamkarkonosze.pl\/cs\/pro-koho-je-ubytovani-s-vlastnim-stravovanim-dobrou-volbou\/\">\n\t\t\t\t\t\tPro koho je ubytov\u00e1n\u00ed s vlastn\u00edm stravov\u00e1n\u00edm dobrou volbou?\t\t\t\t\t<\/a>\n\t\t\t\t<\/h2>\n\t\t\t\t\t\t\t\t\t\t\t\t\t\t\t\t\t\t\t\t\t\t\t\t\t\t\t\t\t\t\t\t                                                    <\/div><!-- .elementskit-post-body END -->\n                    <\/div>\n                \n            <\/div>\n                <\/div>\n       <\/div>\t\t\t\t<\/div>\n\t\t\t\t<\/div>\n\t\t\t\t\t<\/div>\n\t\t<\/div>\n\t\t\t\t\t<\/div>\n\t\t<\/section>\n\t\t\t\t<\/div>\n\t\t","protected":false},"excerpt":{"rendered":"<p>Ferie zimowe to czas, kt\u00f3ry wiele os\u00f3b z niecierpliwo\u015bci\u0105 wyczekuje, a g\u00f3ry staj\u0105 si\u0119 miejscem pe\u0142nym niepowtarzalnych urok\u00f3w. Dlaczego wi\u0119c warto sp\u0119dzi\u0107 te kilka wolnych dni w\u0142a\u015bnie w g\u00f3rach? Oto kilka powod\u00f3w. Spis tre\u015bci: Piesze Wycieczki po Zimowych Szlakach Jazda na Nartach Relaks w SPA po Dniu Pe\u0142nym Wra\u017ce\u0144 Wieczorne Spacerki pod Gwie\u017adzistym Niebem Tradycyjne [&hellip;]<\/p>\n","protected":false},"author":1,"featured_media":5996,"comment_status":"closed","ping_status":"closed","sticky":false,"template":"","format":"standard","meta":{"footnotes":""},"categories":[44],"tags":[],"class_list":["post-6894","post","type-post","status-publish","format-standard","has-post-thumbnail","hentry","category-zaznam-na-blogu"],"_links":{"self":[{"href":"https:\/\/kochamkarkonosze.pl\/cs\/wp-json\/wp\/v2\/posts\/6894","targetHints":{"allow":["GET"]}}],"collection":[{"href":"https:\/\/kochamkarkonosze.pl\/cs\/wp-json\/wp\/v2\/posts"}],"about":[{"href":"https:\/\/kochamkarkonosze.pl\/cs\/wp-json\/wp\/v2\/types\/post"}],"author":[{"embeddable":true,"href":"https:\/\/kochamkarkonosze.pl\/cs\/wp-json\/wp\/v2\/users\/1"}],"replies":[{"embeddable":true,"href":"https:\/\/kochamkarkonosze.pl\/cs\/wp-json\/wp\/v2\/comments?post=6894"}],"version-history":[{"count":3,"href":"https:\/\/kochamkarkonosze.pl\/cs\/wp-json\/wp\/v2\/posts\/6894\/revisions"}],"predecessor-version":[{"id":6900,"href":"https:\/\/kochamkarkonosze.pl\/cs\/wp-json\/wp\/v2\/posts\/6894\/revisions\/6900"}],"wp:featuredmedia":[{"embeddable":true,"href":"https:\/\/kochamkarkonosze.pl\/cs\/wp-json\/wp\/v2\/media\/5996"}],"wp:attachment":[{"href":"https:\/\/kochamkarkonosze.pl\/cs\/wp-json\/wp\/v2\/media?parent=6894"}],"wp:term":[{"taxonomy":"category","embeddable":true,"href":"https:\/\/kochamkarkonosze.pl\/cs\/wp-json\/wp\/v2\/categories?post=6894"},{"taxonomy":"post_tag","embeddable":true,"href":"https:\/\/kochamkarkonosze.pl\/cs\/wp-json\/wp\/v2\/tags?post=6894"}],"curies":[{"name":"wp","href":"https:\/\/api.w.org\/{rel}","templated":true}]}}