{"id":7162,"date":"2023-07-18T13:55:35","date_gmt":"2023-07-18T13:55:35","guid":{"rendered":"https:\/\/kochamkarkonosze.pl\/bazilika-svate-marie-erasmus-a-svaty-erasmus-pankrac\/"},"modified":"2024-06-14T12:51:59","modified_gmt":"2024-06-14T12:51:59","slug":"bazilika-svate-marie-erasmus-a-svaty-erasmus-pankrac","status":"publish","type":"post","link":"https:\/\/kochamkarkonosze.pl\/cs\/bazilika-svate-marie-erasmus-a-svaty-erasmus-pankrac\/","title":{"rendered":"Bazilika svat\u00e9 Marie. Erasmus a svat\u00fd Erasmus. Pankr\u00e1c"},"content":{"rendered":"\t\t<div data-elementor-type=\"wp-post\" data-elementor-id=\"7162\" class=\"elementor elementor-7162 elementor-665\" data-elementor-post-type=\"post\">\n\t\t\t\t\t\t<section class=\"elementor-section elementor-top-section elementor-element elementor-element-4f172c24 elementor-section-height-min-height elementor-section-boxed elementor-section-height-default elementor-section-items-middle elementor-invisible\" data-id=\"4f172c24\" data-element_type=\"section\" data-settings=\"{&quot;background_background&quot;:&quot;classic&quot;,&quot;animation&quot;:&quot;fadeIn&quot;}\">\n\t\t\t\t\t\t\t<div class=\"elementor-background-overlay\"><\/div>\n\t\t\t\t\t\t\t<div class=\"elementor-container elementor-column-gap-default\">\n\t\t\t\t\t<div class=\"elementor-column elementor-col-100 elementor-top-column elementor-element elementor-element-6d904623\" data-id=\"6d904623\" data-element_type=\"column\">\n\t\t\t<div class=\"elementor-widget-wrap elementor-element-populated\">\n\t\t\t\t\t\t<div class=\"elementor-element elementor-element-e26fda9 elementor-invisible elementor-widget elementor-widget-heading\" data-id=\"e26fda9\" data-element_type=\"widget\" data-settings=\"{&quot;_animation&quot;:&quot;fadeInUp&quot;}\" data-widget_type=\"heading.default\">\n\t\t\t\t<div class=\"elementor-widget-container\">\n\t\t\t\t\t<h1 class=\"elementor-heading-title elementor-size-default\">Bazilika svat\u00e9 Marie. Erasmus a svat\u00fd Erasmus. Pankr\u00e1c<\/h1>\t\t\t\t<\/div>\n\t\t\t\t<\/div>\n\t\t\t\t\t<\/div>\n\t\t<\/div>\n\t\t\t\t\t<\/div>\n\t\t<\/section>\n\t\t\t\t<section class=\"elementor-section elementor-top-section elementor-element elementor-element-596b861 elementor-section-boxed elementor-section-height-default elementor-section-height-default\" data-id=\"596b861\" data-element_type=\"section\">\n\t\t\t\t\t\t<div class=\"elementor-container elementor-column-gap-default\">\n\t\t\t\t\t<div class=\"elementor-column elementor-col-100 elementor-top-column elementor-element elementor-element-b4ae46e\" data-id=\"b4ae46e\" data-element_type=\"column\">\n\t\t\t<div class=\"elementor-widget-wrap elementor-element-populated\">\n\t\t\t\t\t\t<div class=\"elementor-element elementor-element-ad53640 elementor-invisible elementor-widget elementor-widget-heading\" data-id=\"ad53640\" data-element_type=\"widget\" data-settings=\"{&quot;_animation&quot;:&quot;fadeInUp&quot;}\" data-widget_type=\"heading.default\">\n\t\t\t\t<div class=\"elementor-widget-container\">\n\t\t\t\t\t<h1 class=\"elementor-heading-title elementor-size-default\">Bazilika svat\u00e9 Marie. Erasmus a svat\u00fd Erasmus. Pankr\u00e1c  - atrakce Jelen\u00ed Hory<\/h1>\t\t\t\t<\/div>\n\t\t\t\t<\/div>\n\t\t\t\t<div class=\"elementor-element elementor-element-f41eefe elementor-drop-cap-yes elementor-drop-cap-view-default elementor-invisible elementor-widget elementor-widget-text-editor\" data-id=\"f41eefe\" data-element_type=\"widget\" data-settings=\"{&quot;_animation&quot;:&quot;fadeInUp&quot;,&quot;drop_cap&quot;:&quot;yes&quot;}\" data-widget_type=\"text-editor.default\">\n\t\t\t\t<div class=\"elementor-widget-container\">\n\t\t\t\t\t\t\t\t\t<p>V\u00edtejte na okouzluj\u00edc\u00edm m\u00edst\u011b duchovn\u00ed kr\u00e1sy a historick\u00e9ho v\u00fdznamu &#8211; v bazilice sv. Petra a Pavla. Erasmus a svat\u00fd Erasmus. Pankr\u00e1ce ve Szklarsk\u00e9 Por\u0119b\u011b! Je to majest\u00e1tn\u00ed posv\u00e1tn\u00e9 m\u00edsto, kter\u00e9 zaujme svou architekturou, um\u011bn\u00edm a atmosf\u00e9rou klidu. Bazilika je v\u00fdznamn\u00fdm n\u00e1bo\u017eensk\u00fdm m\u00edstem, kter\u00e9 l\u00e1k\u00e1 turisty z cel\u00e9ho sv\u011bta a zve je k objevov\u00e1n\u00ed sv\u00e9 historie a kr\u00e1sy.<\/p>\n\t\t\t\t\t\t\t\t<\/div>\n\t\t\t\t<\/div>\n\t\t\t\t<div class=\"elementor-element elementor-element-7cca249 elementor-widget elementor-widget-shortcode\" data-id=\"7cca249\" data-element_type=\"widget\" data-widget_type=\"shortcode.default\">\n\t\t\t\t<div class=\"elementor-widget-container\">\n\t\t\t\t\t\t\t<div class=\"elementor-shortcode\">\t\t<div data-elementor-type=\"section\" data-elementor-id=\"7514\" class=\"elementor elementor-7514 elementor-2443\" data-elementor-post-type=\"elementor_library\">\n\t\t\t\t\t<section class=\"elementor-section elementor-top-section elementor-element elementor-element-8214074 elementor-section-boxed elementor-section-height-default elementor-section-height-default\" data-id=\"8214074\" data-element_type=\"section\">\n\t\t\t\t\t\t<div class=\"elementor-container elementor-column-gap-default\">\n\t\t\t\t\t<div class=\"elementor-column elementor-col-100 elementor-top-column elementor-element elementor-element-ea844b9\" data-id=\"ea844b9\" data-element_type=\"column\">\n\t\t\t<div class=\"elementor-widget-wrap elementor-element-populated\">\n\t\t\t\t\t\t<div class=\"elementor-element elementor-element-f690958 elementor-widget elementor-widget-image\" data-id=\"f690958\" data-element_type=\"widget\" data-widget_type=\"image.default\">\n\t\t\t\t<div class=\"elementor-widget-container\">\n\t\t\t\t\t\t\t\t\t\t\t\t\t\t\t\t<a href=\"https:\/\/elements-hotel.pl\/\" target=\"_blank\" rel=\"nofollow\">\n\t\t\t\t\t\t\t<img fetchpriority=\"high\" decoding=\"async\" width=\"800\" height=\"328\" src=\"https:\/\/kochamkarkonosze.pl\/wp-content\/uploads\/2023\/07\/ELEMENTS-POZIOM-apartamenty-z-saunami.gif\" class=\"attachment-large size-large wp-image-6059\" alt=\"ELEMENTS POZIOM apartamenty z saunami\" \/>\t\t\t\t\t\t\t\t<\/a>\n\t\t\t\t\t\t\t\t\t\t\t\t\t\t\t<\/div>\n\t\t\t\t<\/div>\n\t\t\t\t\t<\/div>\n\t\t<\/div>\n\t\t\t\t\t<\/div>\n\t\t<\/section>\n\t\t\t\t<\/div>\n\t\t<\/div>\n\t\t\t\t\t\t<\/div>\n\t\t\t\t<\/div>\n\t\t\t\t\t<\/div>\n\t\t<\/div>\n\t\t\t\t\t<\/div>\n\t\t<\/section>\n\t\t\t\t<section class=\"elementor-section elementor-top-section elementor-element elementor-element-8ea1849 elementor-section-boxed elementor-section-height-default elementor-section-height-default\" data-id=\"8ea1849\" data-element_type=\"section\">\n\t\t\t\t\t\t<div class=\"elementor-container elementor-column-gap-default\">\n\t\t\t\t\t<div class=\"elementor-column elementor-col-50 elementor-top-column elementor-element elementor-element-3676715\" data-id=\"3676715\" data-element_type=\"column\">\n\t\t\t<div class=\"elementor-widget-wrap elementor-element-populated\">\n\t\t\t\t\t\t<div class=\"elementor-element elementor-element-72afd3e8 elementor-drop-cap-yes elementor-drop-cap-view-default elementor-invisible elementor-widget elementor-widget-text-editor\" data-id=\"72afd3e8\" data-element_type=\"widget\" data-settings=\"{&quot;_animation&quot;:&quot;fadeInUp&quot;,&quot;drop_cap&quot;:&quot;yes&quot;}\" data-widget_type=\"text-editor.default\">\n\t\t\t\t<div class=\"elementor-widget-container\">\n\t\t\t\t\t\t\t\t\t<p>Bazilika svat\u00e9 Marie. Erasmus a svat\u00fd Erasmus. Kostel sv. Pankr\u00e1ce ve Szklarsk\u00e9 Poreb\u011b je m\u00edstem, kter\u00e9 p\u0159itahuje jak v\u011b\u0159\u00edc\u00ed, tak milovn\u00edky um\u011bn\u00ed a historie. Tato velkolep\u00e1 c\u00edrkevn\u00ed stavba je nejen m\u00edstem modlitby, ale tak\u00e9 mistrovsk\u00fdm d\u00edlem architektury a um\u011bn\u00ed. Jej\u00ed p\u0159\u00edtomnost dod\u00e1v\u00e1 tomuto malebn\u00e9mu m\u011bste\u010dku na p\u016fvabu a jedine\u010dnosti.<\/p>\n<p>Hlavn\u00edm l\u00e1kadlem baziliky je jej\u00ed jedine\u010dn\u00e1 architektura kombinuj\u00edc\u00ed gotick\u00e9 a barokn\u00ed prvky. Toto m\u00edsto s vysok\u00fdmi v\u011b\u017eemi, bohat\u011b zdoben\u00fdmi port\u00e1ly a rozlehl\u00fdm interi\u00e9rem vyza\u0159uje duchovn\u00ed kr\u00e1su a majest\u00e1tnost. Kdy\u017e proch\u00e1z\u00edte jeho prahy, m\u00e1te pocit, jako by se zastavil \u010das a p\u0159enesl v\u00e1s do jin\u00fdch dob.<\/p>\n<p>Interi\u00e9r baziliky zaujme bohatstv\u00edm detail\u016f a mimo\u0159\u00e1dn\u00fdmi d\u00edly sakr\u00e1ln\u00edho um\u011bn\u00ed. Vysok\u00e9 klenby, obrazy, olt\u00e1\u0159e a sochy tvo\u0159\u00ed harmonick\u00fd celek, v n\u011bm\u017e m\u00e1 ka\u017ed\u00fd prvek sv\u016fj vlastn\u00ed v\u00fdznam a poselstv\u00ed. Je to ide\u00e1ln\u00ed m\u00edsto k rozj\u00edm\u00e1n\u00ed, modlitb\u011b a pono\u0159en\u00ed se do atmosf\u00e9ry duchovn\u00edho rozj\u00edm\u00e1n\u00ed.<\/p>\n\t\t\t\t\t\t\t\t<\/div>\n\t\t\t\t<\/div>\n\t\t\t\t<div class=\"elementor-element elementor-element-7f0bf93 elementor-widget elementor-widget-shortcode\" data-id=\"7f0bf93\" data-element_type=\"widget\" data-widget_type=\"shortcode.default\">\n\t\t\t\t<div class=\"elementor-widget-container\">\n\t\t\t\t\t\t\t<div class=\"elementor-shortcode\">\t\t<div data-elementor-type=\"section\" data-elementor-id=\"8247\" class=\"elementor elementor-8247 elementor-2450\" data-elementor-post-type=\"elementor_library\">\n\t\t\t\t\t<section class=\"elementor-section elementor-top-section elementor-element elementor-element-8214074 elementor-section-boxed elementor-section-height-default elementor-section-height-default\" data-id=\"8214074\" data-element_type=\"section\">\n\t\t\t\t\t\t<div class=\"elementor-container elementor-column-gap-default\">\n\t\t\t\t\t<div class=\"elementor-column elementor-col-100 elementor-top-column elementor-element elementor-element-ea844b9\" data-id=\"ea844b9\" data-element_type=\"column\">\n\t\t\t<div class=\"elementor-widget-wrap elementor-element-populated\">\n\t\t\t\t\t\t<div class=\"elementor-element elementor-element-f690958 elementor-widget elementor-widget-image\" data-id=\"f690958\" data-element_type=\"widget\" data-widget_type=\"image.default\">\n\t\t\t\t<div class=\"elementor-widget-container\">\n\t\t\t\t\t\t\t\t\t\t\t\t\t\t\t\t<a href=\"https:\/\/fiveseasons.pl\" target=\"_blank\" rel=\"nofollow\">\n\t\t\t\t\t\t\t<img decoding=\"async\" width=\"2248\" height=\"922\" src=\"https:\/\/kochamkarkonosze.pl\/wp-content\/uploads\/2023\/08\/ZIMA-\u2013-FS-baner-poziomy-para-1.gif\" class=\"attachment-full size-full wp-image-5771\" alt=\"ZIMA \u2013 FS baner poziomy para 1\" \/>\t\t\t\t\t\t\t\t<\/a>\n\t\t\t\t\t\t\t\t\t\t\t\t\t\t\t<\/div>\n\t\t\t\t<\/div>\n\t\t\t\t\t<\/div>\n\t\t<\/div>\n\t\t\t\t\t<\/div>\n\t\t<\/section>\n\t\t\t\t<\/div>\n\t\t<\/div>\n\t\t\t\t\t\t<\/div>\n\t\t\t\t<\/div>\n\t\t\t\t<div class=\"elementor-element elementor-element-023511b elementor-drop-cap-yes elementor-drop-cap-view-default elementor-invisible elementor-widget elementor-widget-text-editor\" data-id=\"023511b\" data-element_type=\"widget\" data-settings=\"{&quot;_animation&quot;:&quot;fadeInUp&quot;,&quot;drop_cap&quot;:&quot;yes&quot;}\" data-widget_type=\"text-editor.default\">\n\t\t\t\t<div class=\"elementor-widget-container\">\n\t\t\t\t\t\t\t\t\t<p>Bazilika svat\u00e9 Marie. Erasmus a svat\u00fd Erasmus. Kostel svat\u00e9ho Pankr\u00e1ce je tak\u00e9 m\u00edstem kon\u00e1n\u00ed mnoha c\u00edrkevn\u00edch ob\u0159ad\u016f, varhann\u00edch koncert\u016f a dal\u0161\u00edch kulturn\u00edch akc\u00ed. Je to skv\u011bl\u00e1 p\u0159\u00edle\u017eitost za\u017e\u00edt varhann\u00ed hudbu v tak jedine\u010dn\u00e9m prostoru a z\u00fa\u010dastnit se bohoslu\u017eeb, kter\u00e9 vytv\u00e1\u0159ej\u00ed jedine\u010dnou atmosf\u00e9ru.<\/p>\n<p>Park a okoln\u00ed pozemky kolem baziliky nab\u00edzej\u00ed mo\u017enosti proch\u00e1zek, rozj\u00edm\u00e1n\u00ed a odpo\u010dinku v p\u0159\u00edrodn\u00edm prost\u0159ed\u00ed. Je to ide\u00e1ln\u00ed m\u00edsto, kde se m\u016f\u017eete na chv\u00edli zastavit, nas\u00e1vat ticho a kr\u00e1su krajiny a u\u017e\u00edvat si klidu.<\/p>\n<p>N\u00e1v\u0161t\u011bva baziliky svat\u00e9ho Petra a Pavla. Erasmus a svat\u00fd Erasmus. Pankr\u00e1ce ve Szklarsk\u00e9 Poreb\u011b je nejen jedine\u010dn\u00fdm duchovn\u00edm z\u00e1\u017eitkem, ale tak\u00e9 cestou \u010dasem a setk\u00e1n\u00edm s kr\u00e1sou sakr\u00e1ln\u00edho um\u011bn\u00ed. Je to m\u00edsto, kter\u00e9 pot\u011b\u0161\u00ed svou architekturou, um\u011bn\u00edm a atmosf\u00e9rou klidu. Bazilika je ned\u00edlnou sou\u010d\u00e1st\u00ed kulturn\u00edho d\u011bdictv\u00ed m\u011bsta a p\u0159edstavuje skute\u010dn\u00fd duchovn\u00ed a um\u011bleck\u00fd skvost.<\/p>\n\t\t\t\t\t\t\t\t<\/div>\n\t\t\t\t<\/div>\n\t\t\t\t\t<\/div>\n\t\t<\/div>\n\t\t\t\t<div class=\"elementor-column elementor-col-50 elementor-top-column elementor-element elementor-element-0237fb2\" data-id=\"0237fb2\" data-element_type=\"column\">\n\t\t\t<div class=\"elementor-widget-wrap elementor-element-populated\">\n\t\t\t\t\t\t<div class=\"elementor-element elementor-element-2f595060 elementor-widget__width-initial elementor-widget-mobile__width-inherit elementor-icon-list--layout-traditional elementor-list-item-link-full_width elementor-invisible elementor-widget elementor-widget-icon-list\" data-id=\"2f595060\" data-element_type=\"widget\" data-settings=\"{&quot;_animation&quot;:&quot;fadeInUp&quot;}\" data-widget_type=\"icon-list.default\">\n\t\t\t\t<div class=\"elementor-widget-container\">\n\t\t\t\t\t\t\t<ul class=\"elementor-icon-list-items\">\n\t\t\t\t\t\t\t<li class=\"elementor-icon-list-item\">\n\t\t\t\t\t\t\t\t\t\t\t<span class=\"elementor-icon-list-icon\">\n\t\t\t\t\t\t\t<i aria-hidden=\"true\" class=\"icon icon-check\"><\/i>\t\t\t\t\t\t<\/span>\n\t\t\t\t\t\t\t\t\t\t<span class=\"elementor-icon-list-text\">V\u00fdjime\u010dn\u00e1 architektura<\/span>\n\t\t\t\t\t\t\t\t\t<\/li>\n\t\t\t\t\t\t\t\t<li class=\"elementor-icon-list-item\">\n\t\t\t\t\t\t\t\t\t\t\t<span class=\"elementor-icon-list-icon\">\n\t\t\t\t\t\t\t<i aria-hidden=\"true\" class=\"icon icon-check\"><\/i>\t\t\t\t\t\t<\/span>\n\t\t\t\t\t\t\t\t\t\t<span class=\"elementor-icon-list-text\">Um\u011bleck\u00e1 d\u00edla a detaily<\/span>\n\t\t\t\t\t\t\t\t\t<\/li>\n\t\t\t\t\t\t\t\t<li class=\"elementor-icon-list-item\">\n\t\t\t\t\t\t\t\t\t\t\t<span class=\"elementor-icon-list-icon\">\n\t\t\t\t\t\t\t<i aria-hidden=\"true\" class=\"icon icon-check\"><\/i>\t\t\t\t\t\t<\/span>\n\t\t\t\t\t\t\t\t\t\t<span class=\"elementor-icon-list-text\">m\u00edsto modlitby<\/span>\n\t\t\t\t\t\t\t\t\t<\/li>\n\t\t\t\t\t\t<\/ul>\n\t\t\t\t\t\t<\/div>\n\t\t\t\t<\/div>\n\t\t\t\t<div class=\"elementor-element elementor-element-47eae102 elementor-widget__width-initial elementor-widget-mobile__width-inherit elementor-icon-list--layout-traditional elementor-list-item-link-full_width elementor-invisible elementor-widget elementor-widget-icon-list\" data-id=\"47eae102\" data-element_type=\"widget\" data-settings=\"{&quot;_animation&quot;:&quot;fadeInUp&quot;}\" data-widget_type=\"icon-list.default\">\n\t\t\t\t<div class=\"elementor-widget-container\">\n\t\t\t\t\t\t\t<ul class=\"elementor-icon-list-items\">\n\t\t\t\t\t\t\t<li class=\"elementor-icon-list-item\">\n\t\t\t\t\t\t\t\t\t\t\t<span class=\"elementor-icon-list-icon\">\n\t\t\t\t\t\t\t<i aria-hidden=\"true\" class=\"icon icon-check\"><\/i>\t\t\t\t\t\t<\/span>\n\t\t\t\t\t\t\t\t\t\t<span class=\"elementor-icon-list-text\">varhann\u00ed koncerty<\/span>\n\t\t\t\t\t\t\t\t\t<\/li>\n\t\t\t\t\t\t\t\t<li class=\"elementor-icon-list-item\">\n\t\t\t\t\t\t\t\t\t\t\t<span class=\"elementor-icon-list-icon\">\n\t\t\t\t\t\t\t<i aria-hidden=\"true\" class=\"icon icon-check\"><\/i>\t\t\t\t\t\t<\/span>\n\t\t\t\t\t\t\t\t\t\t<span class=\"elementor-icon-list-text\">klidn\u00e9 prost\u0159ed\u00ed<\/span>\n\t\t\t\t\t\t\t\t\t<\/li>\n\t\t\t\t\t\t\t\t<li class=\"elementor-icon-list-item\">\n\t\t\t\t\t\t\t\t\t\t\t<span class=\"elementor-icon-list-icon\">\n\t\t\t\t\t\t\t<i aria-hidden=\"true\" class=\"icon icon-check\"><\/i>\t\t\t\t\t\t<\/span>\n\t\t\t\t\t\t\t\t\t\t<span class=\"elementor-icon-list-text\">duchovn\u00ed perla<\/span>\n\t\t\t\t\t\t\t\t\t<\/li>\n\t\t\t\t\t\t<\/ul>\n\t\t\t\t\t\t<\/div>\n\t\t\t\t<\/div>\n\t\t\t\t<div class=\"elementor-element elementor-element-b3ae251 elementor-widget elementor-widget-image\" data-id=\"b3ae251\" data-element_type=\"widget\" data-widget_type=\"image.default\">\n\t\t\t\t<div class=\"elementor-widget-container\">\n\t\t\t\t\t\t\t\t\t\t\t\t\t\t\t<img decoding=\"async\" width=\"800\" height=\"490\" src=\"https:\/\/kochamkarkonosze.pl\/wp-content\/uploads\/2023\/07\/kocham_karkonosze_11.webp\" class=\"attachment-large size-large wp-image-4054\" alt=\"kocham karkonosze 11\" srcset=\"https:\/\/kochamkarkonosze.pl\/wp-content\/uploads\/2023\/07\/kocham_karkonosze_11.webp 960w, https:\/\/kochamkarkonosze.pl\/wp-content\/uploads\/2023\/07\/kocham_karkonosze_11-300x184.webp 300w, https:\/\/kochamkarkonosze.pl\/wp-content\/uploads\/2023\/07\/kocham_karkonosze_11-768x470.webp 768w\" sizes=\"(max-width: 800px) 100vw, 800px\" \/>\t\t\t\t\t\t\t\t\t\t\t\t\t\t\t<\/div>\n\t\t\t\t<\/div>\n\t\t\t\t<div class=\"elementor-element elementor-element-57dcfa8 elementor-invisible elementor-widget elementor-widget-heading\" data-id=\"57dcfa8\" data-element_type=\"widget\" data-settings=\"{&quot;_animation&quot;:&quot;fadeInUp&quot;}\" data-widget_type=\"heading.default\">\n\t\t\t\t<div class=\"elementor-widget-container\">\n\t\t\t\t\t<h4 class=\"elementor-heading-title elementor-size-default\">Bazilika svat\u00e9 Marie. Erasmus a svat\u00fd Erasmus. Pankr\u00e1c  na map\u011b<\/h4>\t\t\t\t<\/div>\n\t\t\t\t<\/div>\n\t\t\t\t<div class=\"elementor-element elementor-element-4a85b27 elementor-widget elementor-widget-html\" data-id=\"4a85b27\" data-element_type=\"widget\" data-widget_type=\"html.default\">\n\t\t\t\t<div class=\"elementor-widget-container\">\n\t\t\t\t\t<iframe src=\"https:\/\/www.google.com\/maps\/embed?pb=!1m14!1m8!1m3!1d10064.389375258335!2d15.7367!3d50.9034149!3m2!1i1024!2i768!4f13.1!3m3!1m2!1s0x470ede2fb8fe8cbd%3A0xfa76572969602fc2!2sBazylika%20%C5%9Bw.%20Erazma%20i%20%C5%9Bw.%20Pankracego%20w%20Jeleniej%20G%C3%B3rze!5e0!3m2!1spl!2spl!4v1689688606261!5m2!1spl!2spl\" width=\"600\" height=\"450\" style=\"border:0;\" allowfullscreen=\"\" loading=\"lazy\" referrerpolicy=\"no-referrer-when-downgrade\"><\/iframe>\t\t\t\t<\/div>\n\t\t\t\t<\/div>\n\t\t\t\t\t<\/div>\n\t\t<\/div>\n\t\t\t\t\t<\/div>\n\t\t<\/section>\n\t\t\t\t<section class=\"elementor-section elementor-top-section elementor-element elementor-element-e8e9ef4 elementor-section-boxed elementor-section-height-default elementor-section-height-default\" data-id=\"e8e9ef4\" data-element_type=\"section\">\n\t\t\t\t\t\t<div class=\"elementor-container elementor-column-gap-default\">\n\t\t\t\t\t<div class=\"elementor-column elementor-col-100 elementor-top-column elementor-element elementor-element-1226801\" data-id=\"1226801\" data-element_type=\"column\">\n\t\t\t<div class=\"elementor-widget-wrap elementor-element-populated\">\n\t\t\t\t\t\t<div class=\"elementor-element elementor-element-e097e24 elementor-widget__width-auto elementor-invisible elementor-widget elementor-widget-heading\" data-id=\"e097e24\" data-element_type=\"widget\" data-settings=\"{&quot;_animation&quot;:&quot;fadeInUp&quot;}\" data-widget_type=\"heading.default\">\n\t\t\t\t<div class=\"elementor-widget-container\">\n\t\t\t\t\t<h6 class=\"elementor-heading-title elementor-size-default\">nejlep\u0161\u00ed ubytov\u00e1n\u00ed<\/h6>\t\t\t\t<\/div>\n\t\t\t\t<\/div>\n\t\t\t\t<div class=\"elementor-element elementor-element-c4c89ba elementor-invisible elementor-widget elementor-widget-heading\" data-id=\"c4c89ba\" data-element_type=\"widget\" data-settings=\"{&quot;_animation&quot;:&quot;fadeInUp&quot;}\" data-widget_type=\"heading.default\">\n\t\t\t\t<div class=\"elementor-widget-container\">\n\t\t\t\t\t<h1 class=\"elementor-heading-title elementor-size-default\">Pod\u00edvejte se na nejlep\u0161\u00ed ubytov\u00e1n\u00ed<\/h1>\t\t\t\t<\/div>\n\t\t\t\t<\/div>\n\t\t\t\t<div class=\"elementor-element elementor-element-2b04711 elementor-invisible elementor-widget elementor-widget-elementskit-blog-posts\" data-id=\"2b04711\" data-element_type=\"widget\" data-settings=\"{&quot;_animation&quot;:&quot;fadeInUp&quot;}\" data-widget_type=\"elementskit-blog-posts.default\">\n\t\t\t\t<div class=\"elementor-widget-container\">\n\t\t\t\t\t<div class=\"ekit-wid-con\" >        <div id=\"post-items--2b04711\" class=\"row post-items\">\n                    <div class=\"col-lg-4 col-md-6\">\n\n                                    <div class=\"elementskit-post-image-card\">\n                        <div class=\"elementskit-entry-header\">\n                                                            <a href=\"https:\/\/kochamkarkonosze.pl\/cs\/five-seasons-hotel-szklarska-poreba\/\" class=\"elementskit-entry-thumb\">\n                                    <img decoding=\"async\" src=\"https:\/\/kochamkarkonosze.pl\/wp-content\/uploads\/2023\/07\/kocham_karkonosze_five_seasons_hotel-2-768x470.webp\" alt=\"Five Seasons Hotel Szklarska Poreba\">\n                                <\/a><!-- .elementskit-entry-thumb END -->\n                                                            \n                            \n\t\t\t\t\t\t\t\t\t\t\t\t\t<\/div><!-- .elementskit-entry-header END -->\n\n\t\t\t\t\t\t<div class=\"elementskit-post-body \">\n\t\t\t\t\t\t\t\n\t\t\t\t\t\t\t\t\t\t\t\t\t\t\t\t\t\t\t\t\t\t\t\t\t\n\t\t\t\t\t\t\t\t\n\t\t\t\t\t\t\t\t\t\t\t\t\t\t\t\t\t\t\t\t\t<h2 class=\"entry-title\">\n\t\t\t\t\t<a href=\"https:\/\/kochamkarkonosze.pl\/cs\/five-seasons-hotel-szklarska-poreba\/\">\n\t\t\t\t\t\tFive Seasons Hotel Szklarska Poreba\t\t\t\t\t<\/a>\n\t\t\t\t<\/h2>\n\t\t\t\t\t\t\t\t\t\t\t\t\t\t\t\t\t\t\t\t\t\t\t\t\t\t\t\t\t\t\t\t                                                    <\/div><!-- .elementskit-post-body END -->\n                    <\/div>\n                \n            <\/div>\n                    <div class=\"col-lg-4 col-md-6\">\n\n                                    <div class=\"elementskit-post-image-card\">\n                        <div class=\"elementskit-entry-header\">\n                                                            <a href=\"https:\/\/kochamkarkonosze.pl\/cs\/elements-hotel-spa-swieradow-zdroj\/\" class=\"elementskit-entry-thumb\">\n                                    <img decoding=\"async\" src=\"https:\/\/kochamkarkonosze.pl\/wp-content\/uploads\/2023\/07\/kocham_karkonosze_elements_hotel-768x470.webp\" alt=\"Elements Hotel &amp; SPA \u015awierad\u00f3w Zdr\u00f3j\">\n                                <\/a><!-- .elementskit-entry-thumb END -->\n                                                            \n                            \n\t\t\t\t\t\t\t\t\t\t\t\t\t<\/div><!-- .elementskit-entry-header END -->\n\n\t\t\t\t\t\t<div class=\"elementskit-post-body \">\n\t\t\t\t\t\t\t\n\t\t\t\t\t\t\t\t\t\t\t\t\t\t\t\t\t\t\t\t\t\t\t\t\t\n\t\t\t\t\t\t\t\t\n\t\t\t\t\t\t\t\t\t\t\t\t\t\t\t\t\t\t\t\t\t<h2 class=\"entry-title\">\n\t\t\t\t\t<a href=\"https:\/\/kochamkarkonosze.pl\/cs\/elements-hotel-spa-swieradow-zdroj\/\">\n\t\t\t\t\t\tElements Hotel &amp; SPA \u015awierad\u00f3w Zdr\u00f3j\t\t\t\t\t<\/a>\n\t\t\t\t<\/h2>\n\t\t\t\t\t\t\t\t\t\t\t\t\t\t\t\t\t\t\t\t\t\t\t\t\t\t\t\t\t\t\t\t                                                    <\/div><!-- .elementskit-post-body END -->\n                    <\/div>\n                \n            <\/div>\n                    <div class=\"col-lg-4 col-md-6\">\n\n                                    <div class=\"elementskit-post-image-card\">\n                        <div class=\"elementskit-entry-header\">\n                                                            <a href=\"https:\/\/kochamkarkonosze.pl\/cs\/forest-park-hotel-spa-swieradow-zdroj\/\" class=\"elementskit-entry-thumb\">\n                                    <img decoding=\"async\" src=\"https:\/\/kochamkarkonosze.pl\/wp-content\/uploads\/2023\/07\/kocham_karkonosze_forest_park-768x470.png\" alt=\"Forest Park Hotel &amp; SPA \u015awierad\u00f3w-Zdr\u00f3j\">\n                                <\/a><!-- .elementskit-entry-thumb END -->\n                                                            \n                            \n\t\t\t\t\t\t\t\t\t\t\t\t\t<\/div><!-- .elementskit-entry-header END -->\n\n\t\t\t\t\t\t<div class=\"elementskit-post-body \">\n\t\t\t\t\t\t\t\n\t\t\t\t\t\t\t\t\t\t\t\t\t\t\t\t\t\t\t\t\t\t\t\t\t\n\t\t\t\t\t\t\t\t\n\t\t\t\t\t\t\t\t\t\t\t\t\t\t\t\t\t\t\t\t\t<h2 class=\"entry-title\">\n\t\t\t\t\t<a href=\"https:\/\/kochamkarkonosze.pl\/cs\/forest-park-hotel-spa-swieradow-zdroj\/\">\n\t\t\t\t\t\tForest Park Hotel &amp; SPA \u015awierad\u00f3w-Zdr\u00f3j\t\t\t\t\t<\/a>\n\t\t\t\t<\/h2>\n\t\t\t\t\t\t\t\t\t\t\t\t\t\t\t\t\t\t\t\t\t\t\t\t\t\t\t\t\t\t\t\t                                                    <\/div><!-- .elementskit-post-body END -->\n                    <\/div>\n                \n            <\/div>\n                <\/div>\n       <\/div>\t\t\t\t<\/div>\n\t\t\t\t<\/div>\n\t\t\t\t\t<\/div>\n\t\t<\/div>\n\t\t\t\t\t<\/div>\n\t\t<\/section>\n\t\t\t\t<section class=\"elementor-section elementor-top-section elementor-element elementor-element-38548d19 elementor-section-boxed elementor-section-height-default elementor-section-height-default\" data-id=\"38548d19\" data-element_type=\"section\">\n\t\t\t\t\t\t<div class=\"elementor-container elementor-column-gap-default\">\n\t\t\t\t\t<div class=\"elementor-column elementor-col-100 elementor-top-column elementor-element elementor-element-6939b252\" data-id=\"6939b252\" data-element_type=\"column\">\n\t\t\t<div class=\"elementor-widget-wrap elementor-element-populated\">\n\t\t\t\t\t\t<div class=\"elementor-element elementor-element-5aed0444 elementor-widget__width-auto elementor-invisible elementor-widget elementor-widget-heading\" data-id=\"5aed0444\" data-element_type=\"widget\" data-settings=\"{&quot;_animation&quot;:&quot;fadeInUp&quot;}\" data-widget_type=\"heading.default\">\n\t\t\t\t<div class=\"elementor-widget-container\">\n\t\t\t\t\t<h6 class=\"elementor-heading-title elementor-size-default\">mus\u00edte to vid\u011bt<\/h6>\t\t\t\t<\/div>\n\t\t\t\t<\/div>\n\t\t\t\t<div class=\"elementor-element elementor-element-fcf0d06 elementor-invisible elementor-widget elementor-widget-heading\" data-id=\"fcf0d06\" data-element_type=\"widget\" data-settings=\"{&quot;_animation&quot;:&quot;fadeInUp&quot;}\" data-widget_type=\"heading.default\">\n\t\t\t\t<div class=\"elementor-widget-container\">\n\t\t\t\t\t<h1 class=\"elementor-heading-title elementor-size-default\">Objevte dal\u0161\u00ed zaj\u00edmavosti v Krkono\u0161\u00edch<\/h1>\t\t\t\t<\/div>\n\t\t\t\t<\/div>\n\t\t\t\t<div class=\"elementor-element elementor-element-1cea2dc1 elementor-invisible elementor-widget elementor-widget-elementskit-blog-posts\" data-id=\"1cea2dc1\" data-element_type=\"widget\" data-settings=\"{&quot;_animation&quot;:&quot;fadeInUp&quot;}\" data-widget_type=\"elementskit-blog-posts.default\">\n\t\t\t\t<div class=\"elementor-widget-container\">\n\t\t\t\t\t<div class=\"ekit-wid-con\" >        <div id=\"post-items--1cea2dc1\" class=\"row post-items\">\n                    <div class=\"col-lg-4 col-md-6\">\n\n                                    <div class=\"elementskit-post-image-card\">\n                        <div class=\"elementskit-entry-header\">\n                                                            <a href=\"https:\/\/kochamkarkonosze.pl\/cs\/utulek-samotnia-2\/\" class=\"elementskit-entry-thumb\">\n                                    <img decoding=\"async\" src=\"https:\/\/kochamkarkonosze.pl\/wp-content\/uploads\/2023\/07\/kocham_karkonosze_karpacz_schronisko-768x470.webp\" alt=\"\u00datulek Samotnia\">\n                                <\/a><!-- .elementskit-entry-thumb END -->\n                                                            \n                            \n\t\t\t\t\t\t\t\t\t\t\t\t\t<\/div><!-- .elementskit-entry-header END -->\n\n\t\t\t\t\t\t<div class=\"elementskit-post-body \">\n\t\t\t\t\t\t\t\n\t\t\t\t\t\t\t\t\t\t\t\t\t\t\t\t\t\t\t\t\t\t\t\t\t\n\t\t\t\t\t\t\t\t\n\t\t\t\t\t\t\t\t\t\t\t\t\t\t\t\t\t\t\t\t\t<h2 class=\"entry-title\">\n\t\t\t\t\t<a href=\"https:\/\/kochamkarkonosze.pl\/cs\/utulek-samotnia-2\/\">\n\t\t\t\t\t\t\u00datulek Samotnia\t\t\t\t\t<\/a>\n\t\t\t\t<\/h2>\n\t\t\t\t\t\t\t\t\t\t\t\t\t\t\t\t\t\t\t\t\t\t\t\t\t\t\t\t\t\t\t\t                                                    <\/div><!-- .elementskit-post-body END -->\n                    <\/div>\n                \n            <\/div>\n                    <div class=\"col-lg-4 col-md-6\">\n\n                                    <div class=\"elementskit-post-image-card\">\n                        <div class=\"elementskit-entry-header\">\n                                                            <a href=\"https:\/\/kochamkarkonosze.pl\/cs\/slunecnicova-grafitova-formace\/\" class=\"elementskit-entry-thumb\">\n                                    <img decoding=\"async\" src=\"https:\/\/kochamkarkonosze.pl\/wp-content\/uploads\/2023\/07\/kocham_karkonosze_karpacz_slonecznik-768x470.webp\" alt=\"Slune\u010dnicov\u00e1 grafitov\u00e1 formace\">\n                                <\/a><!-- .elementskit-entry-thumb END -->\n                                                            \n                            \n\t\t\t\t\t\t\t\t\t\t\t\t\t<\/div><!-- .elementskit-entry-header END -->\n\n\t\t\t\t\t\t<div class=\"elementskit-post-body \">\n\t\t\t\t\t\t\t\n\t\t\t\t\t\t\t\t\t\t\t\t\t\t\t\t\t\t\t\t\t\t\t\t\t\n\t\t\t\t\t\t\t\t\n\t\t\t\t\t\t\t\t\t\t\t\t\t\t\t\t\t\t\t\t\t<h2 class=\"entry-title\">\n\t\t\t\t\t<a href=\"https:\/\/kochamkarkonosze.pl\/cs\/slunecnicova-grafitova-formace\/\">\n\t\t\t\t\t\tSlune\u010dnicov\u00e1 grafitov\u00e1 formace\t\t\t\t\t<\/a>\n\t\t\t\t<\/h2>\n\t\t\t\t\t\t\t\t\t\t\t\t\t\t\t\t\t\t\t\t\t\t\t\t\t\t\t\t\t\t\t\t                                                    <\/div><!-- .elementskit-post-body END -->\n                    <\/div>\n                \n            <\/div>\n                    <div class=\"col-lg-4 col-md-6\">\n\n                                    <div class=\"elementskit-post-image-card\">\n                        <div class=\"elementskit-entry-header\">\n                                                            <a href=\"https:\/\/kochamkarkonosze.pl\/cs\/lyzarska-arena-karpacz-2\/\" class=\"elementskit-entry-thumb\">\n                                    <img decoding=\"async\" src=\"https:\/\/kochamkarkonosze.pl\/wp-content\/uploads\/2023\/07\/kocham_karkonosze_karpacz_ski_arena-768x470.webp\" alt=\"Ly\u017ea\u0159sk\u00e1 ar\u00e9na Karpacz\">\n                                <\/a><!-- .elementskit-entry-thumb END -->\n                                                            \n                            \n\t\t\t\t\t\t\t\t\t\t\t\t\t<\/div><!-- .elementskit-entry-header END -->\n\n\t\t\t\t\t\t<div class=\"elementskit-post-body \">\n\t\t\t\t\t\t\t\n\t\t\t\t\t\t\t\t\t\t\t\t\t\t\t\t\t\t\t\t\t\t\t\t\t\n\t\t\t\t\t\t\t\t\n\t\t\t\t\t\t\t\t\t\t\t\t\t\t\t\t\t\t\t\t\t<h2 class=\"entry-title\">\n\t\t\t\t\t<a href=\"https:\/\/kochamkarkonosze.pl\/cs\/lyzarska-arena-karpacz-2\/\">\n\t\t\t\t\t\tLy\u017ea\u0159sk\u00e1 ar\u00e9na Karpacz\t\t\t\t\t<\/a>\n\t\t\t\t<\/h2>\n\t\t\t\t\t\t\t\t\t\t\t\t\t\t\t\t\t\t\t\t\t\t\t\t\t\t\t\t\t\t\t\t                                                    <\/div><!-- .elementskit-post-body END -->\n                    <\/div>\n                \n            <\/div>\n                <\/div>\n       <\/div>\t\t\t\t<\/div>\n\t\t\t\t<\/div>\n\t\t\t\t\t<\/div>\n\t\t<\/div>\n\t\t\t\t\t<\/div>\n\t\t<\/section>\n\t\t\t\t<\/div>\n\t\t","protected":false},"excerpt":{"rendered":"<p>V\u00edtejte na okouzluj\u00edc\u00edm m\u00edst\u011b duchovn\u00ed kr\u00e1sy a historick\u00e9ho v\u00fdznamu &#8211; v bazilice sv. Petra a Pavla. Erasmus a svat\u00fd Erasmus. Pankr\u00e1ce ve Szklarsk\u00e9 Por\u0119b\u011b! Je to majest\u00e1tn\u00ed posv\u00e1tn\u00e9 m\u00edsto, kter\u00e9 zaujme svou architekturou, um\u011bn\u00edm a atmosf\u00e9rou klidu. Bazilika je v\u00fdznamn\u00fdm n\u00e1bo\u017eensk\u00fdm m\u00edstem, kter\u00e9 l\u00e1k\u00e1 turisty z cel\u00e9ho sv\u011bta a zve je k objevov\u00e1n\u00ed sv\u00e9 historie [&hellip;]<\/p>\n","protected":false},"author":1,"featured_media":4054,"comment_status":"closed","ping_status":"closed","sticky":false,"template":"","format":"standard","meta":{"footnotes":""},"categories":[64,37],"tags":[],"class_list":["post-7162","post","type-post","status-publish","format-standard","has-post-thumbnail","hentry","category-jelenia-gora-cs","category-zajimavosti"],"_links":{"self":[{"href":"https:\/\/kochamkarkonosze.pl\/cs\/wp-json\/wp\/v2\/posts\/7162","targetHints":{"allow":["GET"]}}],"collection":[{"href":"https:\/\/kochamkarkonosze.pl\/cs\/wp-json\/wp\/v2\/posts"}],"about":[{"href":"https:\/\/kochamkarkonosze.pl\/cs\/wp-json\/wp\/v2\/types\/post"}],"author":[{"embeddable":true,"href":"https:\/\/kochamkarkonosze.pl\/cs\/wp-json\/wp\/v2\/users\/1"}],"replies":[{"embeddable":true,"href":"https:\/\/kochamkarkonosze.pl\/cs\/wp-json\/wp\/v2\/comments?post=7162"}],"version-history":[{"count":1,"href":"https:\/\/kochamkarkonosze.pl\/cs\/wp-json\/wp\/v2\/posts\/7162\/revisions"}],"predecessor-version":[{"id":7163,"href":"https:\/\/kochamkarkonosze.pl\/cs\/wp-json\/wp\/v2\/posts\/7162\/revisions\/7163"}],"wp:featuredmedia":[{"embeddable":true,"href":"https:\/\/kochamkarkonosze.pl\/cs\/wp-json\/wp\/v2\/media\/4054"}],"wp:attachment":[{"href":"https:\/\/kochamkarkonosze.pl\/cs\/wp-json\/wp\/v2\/media?parent=7162"}],"wp:term":[{"taxonomy":"category","embeddable":true,"href":"https:\/\/kochamkarkonosze.pl\/cs\/wp-json\/wp\/v2\/categories?post=7162"},{"taxonomy":"post_tag","embeddable":true,"href":"https:\/\/kochamkarkonosze.pl\/cs\/wp-json\/wp\/v2\/tags?post=7162"}],"curies":[{"name":"wp","href":"https:\/\/api.w.org\/{rel}","templated":true}]}}