{"id":7172,"date":"2023-07-18T13:44:34","date_gmt":"2023-07-18T13:44:34","guid":{"rendered":"https:\/\/kochamkarkonosze.pl\/krkonosske-muzeum\/"},"modified":"2024-06-14T12:52:35","modified_gmt":"2024-06-14T12:52:35","slug":"krkonosske-muzeum","status":"publish","type":"post","link":"https:\/\/kochamkarkonosze.pl\/cs\/krkonosske-muzeum\/","title":{"rendered":"Krkono\u0161sk\u00e9 muzeum"},"content":{"rendered":"\t\t<div data-elementor-type=\"wp-post\" data-elementor-id=\"7172\" class=\"elementor elementor-7172 elementor-646\" data-elementor-post-type=\"post\">\n\t\t\t\t\t\t<section class=\"elementor-section elementor-top-section elementor-element elementor-element-4f172c24 elementor-section-height-min-height elementor-section-boxed elementor-section-height-default elementor-section-items-middle elementor-invisible\" data-id=\"4f172c24\" data-element_type=\"section\" data-settings=\"{&quot;background_background&quot;:&quot;classic&quot;,&quot;animation&quot;:&quot;fadeIn&quot;}\">\n\t\t\t\t\t\t\t<div class=\"elementor-background-overlay\"><\/div>\n\t\t\t\t\t\t\t<div class=\"elementor-container elementor-column-gap-default\">\n\t\t\t\t\t<div class=\"elementor-column elementor-col-100 elementor-top-column elementor-element elementor-element-6d904623\" data-id=\"6d904623\" data-element_type=\"column\">\n\t\t\t<div class=\"elementor-widget-wrap elementor-element-populated\">\n\t\t\t\t\t\t<div class=\"elementor-element elementor-element-e26fda9 elementor-invisible elementor-widget elementor-widget-heading\" data-id=\"e26fda9\" data-element_type=\"widget\" data-settings=\"{&quot;_animation&quot;:&quot;fadeInUp&quot;}\" data-widget_type=\"heading.default\">\n\t\t\t\t<div class=\"elementor-widget-container\">\n\t\t\t\t\t<h1 class=\"elementor-heading-title elementor-size-default\">Krkono\u0161sk\u00e9 muzeum<\/h1>\t\t\t\t<\/div>\n\t\t\t\t<\/div>\n\t\t\t\t\t<\/div>\n\t\t<\/div>\n\t\t\t\t\t<\/div>\n\t\t<\/section>\n\t\t\t\t<section class=\"elementor-section elementor-top-section elementor-element elementor-element-596b861 elementor-section-boxed elementor-section-height-default elementor-section-height-default\" data-id=\"596b861\" data-element_type=\"section\">\n\t\t\t\t\t\t<div class=\"elementor-container elementor-column-gap-default\">\n\t\t\t\t\t<div class=\"elementor-column elementor-col-100 elementor-top-column elementor-element elementor-element-b4ae46e\" data-id=\"b4ae46e\" data-element_type=\"column\">\n\t\t\t<div class=\"elementor-widget-wrap elementor-element-populated\">\n\t\t\t\t\t\t<div class=\"elementor-element elementor-element-ad53640 elementor-invisible elementor-widget elementor-widget-heading\" data-id=\"ad53640\" data-element_type=\"widget\" data-settings=\"{&quot;_animation&quot;:&quot;fadeInUp&quot;}\" data-widget_type=\"heading.default\">\n\t\t\t\t<div class=\"elementor-widget-container\">\n\t\t\t\t\t<h1 class=\"elementor-heading-title elementor-size-default\">Krkono\u0161sk\u00e9 muzeum  - atrakce Jelen\u00ed Hory<\/h1>\t\t\t\t<\/div>\n\t\t\t\t<\/div>\n\t\t\t\t<div class=\"elementor-element elementor-element-f41eefe elementor-drop-cap-yes elementor-drop-cap-view-default elementor-invisible elementor-widget elementor-widget-text-editor\" data-id=\"f41eefe\" data-element_type=\"widget\" data-settings=\"{&quot;_animation&quot;:&quot;fadeInUp&quot;,&quot;drop_cap&quot;:&quot;yes&quot;}\" data-widget_type=\"text-editor.default\">\n\t\t\t\t<div class=\"elementor-widget-container\">\n\t\t\t\t\t\t\t\t\t<p>V\u00edtejte ve fascinuj\u00edc\u00edm Krkono\u0161sk\u00e9m muzeu v Jelen\u00ed Ho\u0159e! Je to m\u00edsto, kter\u00e9 v\u00e1s zve na cestu za histori\u00ed, kulturou a p\u0159\u00edrodou Krkono\u0161. Krkono\u0161sk\u00e9 muzeum je pokladnic\u00ed v\u011bdomost\u00ed a jedine\u010dn\u00fdch expon\u00e1t\u016f, kter\u00e9 o\u017eivuj\u00ed minulost a umo\u017e\u0148uj\u00ed objevovat mimo\u0159\u00e1dn\u00e9 kr\u00e1sy regionu. P\u0159ipravte se na nezapomenuteln\u00fd z\u00e1\u017eitek pln\u00fd u\u010den\u00ed a inspirace.<\/p>\n\t\t\t\t\t\t\t\t<\/div>\n\t\t\t\t<\/div>\n\t\t\t\t<div class=\"elementor-element elementor-element-f37e436 elementor-widget elementor-widget-shortcode\" data-id=\"f37e436\" data-element_type=\"widget\" data-widget_type=\"shortcode.default\">\n\t\t\t\t<div class=\"elementor-widget-container\">\n\t\t\t\t\t\t\t<div class=\"elementor-shortcode\">\t\t<div data-elementor-type=\"section\" data-elementor-id=\"7528\" class=\"elementor elementor-7528 elementor-2441\" data-elementor-post-type=\"elementor_library\">\n\t\t\t\t\t<section class=\"elementor-section elementor-top-section elementor-element elementor-element-8214074 elementor-section-boxed elementor-section-height-default elementor-section-height-default\" data-id=\"8214074\" data-element_type=\"section\">\n\t\t\t\t\t\t<div class=\"elementor-container elementor-column-gap-default\">\n\t\t\t\t\t<div class=\"elementor-column elementor-col-100 elementor-top-column elementor-element elementor-element-ea844b9\" data-id=\"ea844b9\" data-element_type=\"column\">\n\t\t\t<div class=\"elementor-widget-wrap elementor-element-populated\">\n\t\t\t\t\t\t<div class=\"elementor-element elementor-element-f690958 elementor-widget elementor-widget-image\" data-id=\"f690958\" data-element_type=\"widget\" data-widget_type=\"image.default\">\n\t\t\t\t<div class=\"elementor-widget-container\">\n\t\t\t\t\t\t\t\t\t\t\t\t\t\t\t\t<a href=\"https:\/\/blue-mountain-resort.pl\" target=\"_blank\" rel=\"nofollow\">\n\t\t\t\t\t\t\t<img fetchpriority=\"high\" decoding=\"async\" width=\"2248\" height=\"922\" src=\"https:\/\/kochamkarkonosze.pl\/wp-content\/uploads\/2023\/07\/2.png\" class=\"attachment-full size-full wp-image-8387\" alt=\"\" srcset=\"https:\/\/kochamkarkonosze.pl\/wp-content\/uploads\/2023\/07\/2.png 2248w, https:\/\/kochamkarkonosze.pl\/wp-content\/uploads\/2023\/07\/2-300x123.png 300w, https:\/\/kochamkarkonosze.pl\/wp-content\/uploads\/2023\/07\/2-1024x420.png 1024w, https:\/\/kochamkarkonosze.pl\/wp-content\/uploads\/2023\/07\/2-768x315.png 768w, https:\/\/kochamkarkonosze.pl\/wp-content\/uploads\/2023\/07\/2-1536x630.png 1536w, https:\/\/kochamkarkonosze.pl\/wp-content\/uploads\/2023\/07\/2-2048x840.png 2048w\" sizes=\"(max-width: 2248px) 100vw, 2248px\" \/>\t\t\t\t\t\t\t\t<\/a>\n\t\t\t\t\t\t\t\t\t\t\t\t\t\t\t<\/div>\n\t\t\t\t<\/div>\n\t\t\t\t\t<\/div>\n\t\t<\/div>\n\t\t\t\t\t<\/div>\n\t\t<\/section>\n\t\t\t\t<\/div>\n\t\t<\/div>\n\t\t\t\t\t\t<\/div>\n\t\t\t\t<\/div>\n\t\t\t\t\t<\/div>\n\t\t<\/div>\n\t\t\t\t\t<\/div>\n\t\t<\/section>\n\t\t\t\t<section class=\"elementor-section elementor-top-section elementor-element elementor-element-8ea1849 elementor-section-boxed elementor-section-height-default elementor-section-height-default\" data-id=\"8ea1849\" data-element_type=\"section\">\n\t\t\t\t\t\t<div class=\"elementor-container elementor-column-gap-default\">\n\t\t\t\t\t<div class=\"elementor-column elementor-col-50 elementor-top-column elementor-element elementor-element-3676715\" data-id=\"3676715\" data-element_type=\"column\">\n\t\t\t<div class=\"elementor-widget-wrap elementor-element-populated\">\n\t\t\t\t\t\t<div class=\"elementor-element elementor-element-72afd3e8 elementor-drop-cap-yes elementor-drop-cap-view-default elementor-invisible elementor-widget elementor-widget-text-editor\" data-id=\"72afd3e8\" data-element_type=\"widget\" data-settings=\"{&quot;_animation&quot;:&quot;fadeInUp&quot;,&quot;drop_cap&quot;:&quot;yes&quot;}\" data-widget_type=\"text-editor.default\">\n\t\t\t\t<div class=\"elementor-widget-container\">\n\t\t\t\t\t\t\t\t\t<p>Karkonosk\u00e9 muzeum v Jelen\u00ed Ho\u0159e je v\u00fdjime\u010dn\u00e9 m\u00edsto, kter\u00e9 v\u00e1s zavede do historie, kultury a p\u0159\u00edrody Karkono\u0161. Je to muzeum, kter\u00e9 shroma\u017e\u010fuje a prezentuje bohat\u00e9 d\u011bdictv\u00ed regionu, vystavuje jedine\u010dn\u00e9 expon\u00e1ty a vypr\u00e1v\u00ed fascinuj\u00edc\u00ed p\u0159\u00edb\u011bhy. Je to ide\u00e1ln\u00ed m\u00edsto pro milovn\u00edky historie, kultury a p\u0159\u00edrody.<\/p>\n<p>Hlavn\u00edm l\u00e1kadlem Krkono\u0161sk\u00e9ho muzea je rozs\u00e1hl\u00e1 sb\u00edrka expon\u00e1t\u016f, kter\u00e9 ukazuj\u00ed r\u016fzn\u00e9 aspekty historie a kultury Krkono\u0161. M\u016f\u017eete si prohl\u00e9dnout p\u0159edm\u011bty souvisej\u00edc\u00ed s hornictv\u00edm, \u0159emesly, ka\u017edodenn\u00edm \u017eivotem a um\u011bn\u00edm regionu. Expon\u00e1ty jsou pe\u010dliv\u011b vybran\u00e9 uk\u00e1zky, kter\u00e9 ilustruj\u00ed bohatstv\u00ed a rozmanitost krkono\u0161sk\u00e9 kultury.<\/p>\n<p>Krkono\u0161sk\u00e9 muzeum nab\u00edz\u00ed tak\u00e9 do\u010dasn\u00e9 v\u00fdstavy zam\u011b\u0159en\u00e9 na r\u016fzn\u00e1 t\u00e9mata souvisej\u00edc\u00ed s regionem. Tyto do\u010dasn\u00e9 v\u00fdstavy umo\u017e\u0148uj\u00ed je\u0161t\u011b hlub\u0161\u00ed pono\u0159en\u00ed do ur\u010dit\u00e9ho t\u00e9matu a jeho prozkoum\u00e1n\u00ed. Jsou vynikaj\u00edc\u00ed p\u0159\u00edle\u017eitost\u00ed k pozn\u00e1n\u00ed nov\u00e9ho pohledu na historii a kulturu Krkono\u0161.<\/p>\n\t\t\t\t\t\t\t\t<\/div>\n\t\t\t\t<\/div>\n\t\t\t\t<div class=\"elementor-element elementor-element-3365cba elementor-widget elementor-widget-shortcode\" data-id=\"3365cba\" data-element_type=\"widget\" data-widget_type=\"shortcode.default\">\n\t\t\t\t<div class=\"elementor-widget-container\">\n\t\t\t\t\t\t\t<div class=\"elementor-shortcode\">\t\t<div data-elementor-type=\"section\" data-elementor-id=\"8237\" class=\"elementor elementor-8237 elementor-2447\" data-elementor-post-type=\"elementor_library\">\n\t\t\t\t\t<section class=\"elementor-section elementor-top-section elementor-element elementor-element-8214074 elementor-section-boxed elementor-section-height-default elementor-section-height-default\" data-id=\"8214074\" data-element_type=\"section\">\n\t\t\t\t\t\t<div class=\"elementor-container elementor-column-gap-default\">\n\t\t\t\t\t<div class=\"elementor-column elementor-col-100 elementor-top-column elementor-element elementor-element-ea844b9\" data-id=\"ea844b9\" data-element_type=\"column\">\n\t\t\t<div class=\"elementor-widget-wrap elementor-element-populated\">\n\t\t\t\t\t\t<div class=\"elementor-element elementor-element-f690958 elementor-widget elementor-widget-image\" data-id=\"f690958\" data-element_type=\"widget\" data-widget_type=\"image.default\">\n\t\t\t\t<div class=\"elementor-widget-container\">\n\t\t\t\t\t\t\t\t\t\t\t\t\t\t\t\t<a href=\"https:\/\/blue-mountain-resort.pl\" target=\"_blank\" rel=\"nofollow\">\n\t\t\t\t\t\t\t<img decoding=\"async\" width=\"2248\" height=\"922\" src=\"https:\/\/kochamkarkonosze.pl\/wp-content\/uploads\/2023\/07\/1.png\" class=\"attachment-full size-full wp-image-8383\" alt=\"\" srcset=\"https:\/\/kochamkarkonosze.pl\/wp-content\/uploads\/2023\/07\/1.png 2248w, https:\/\/kochamkarkonosze.pl\/wp-content\/uploads\/2023\/07\/1-300x123.png 300w, https:\/\/kochamkarkonosze.pl\/wp-content\/uploads\/2023\/07\/1-1024x420.png 1024w, https:\/\/kochamkarkonosze.pl\/wp-content\/uploads\/2023\/07\/1-768x315.png 768w, https:\/\/kochamkarkonosze.pl\/wp-content\/uploads\/2023\/07\/1-1536x630.png 1536w, https:\/\/kochamkarkonosze.pl\/wp-content\/uploads\/2023\/07\/1-2048x840.png 2048w\" sizes=\"(max-width: 2248px) 100vw, 2248px\" \/>\t\t\t\t\t\t\t\t<\/a>\n\t\t\t\t\t\t\t\t\t\t\t\t\t\t\t<\/div>\n\t\t\t\t<\/div>\n\t\t\t\t\t<\/div>\n\t\t<\/div>\n\t\t\t\t\t<\/div>\n\t\t<\/section>\n\t\t\t\t<\/div>\n\t\t<\/div>\n\t\t\t\t\t\t<\/div>\n\t\t\t\t<\/div>\n\t\t\t\t<div class=\"elementor-element elementor-element-023511b elementor-drop-cap-yes elementor-drop-cap-view-default elementor-invisible elementor-widget elementor-widget-text-editor\" data-id=\"023511b\" data-element_type=\"widget\" data-settings=\"{&quot;_animation&quot;:&quot;fadeInUp&quot;,&quot;drop_cap&quot;:&quot;yes&quot;}\" data-widget_type=\"text-editor.default\">\n\t\t\t\t<div class=\"elementor-widget-container\">\n\t\t\t\t\t\t\t\t\t<p>N\u00e1v\u0161t\u011bva Krkono\u0161sk\u00e9ho muzea je tak\u00e9 p\u0159\u00edle\u017eitost\u00ed k \u00fa\u010dasti na r\u016fzn\u00fdch workshopech, setk\u00e1n\u00edch a p\u0159edn\u00e1\u0161k\u00e1ch. Muzeum pravideln\u011b po\u0159\u00e1d\u00e1 akce, kter\u00e9 n\u00e1v\u0161t\u011bvn\u00edk\u016fm umo\u017e\u0148uj\u00ed osvojit si nov\u00e9 dovednosti, poznatky a komunikovat s odborn\u00edky na historii, kulturu a p\u0159\u00edrodu Krkono\u0161.<\/p>\n<p>Krkono\u0161sk\u00e9 muzeum db\u00e1 tak\u00e9 na vzd\u011bl\u00e1v\u00e1n\u00ed a zve \u0161koly a organizovan\u00e9 skupiny na speci\u00e1ln\u00ed vzd\u011bl\u00e1vac\u00ed programy. D\u011bti a ml\u00e1de\u017e maj\u00ed mo\u017enost sezn\u00e1mit se interaktivn\u00ed a atraktivn\u00ed formou s histori\u00ed a p\u0159\u00edrodou Krkono\u0161.<\/p>\n<p>N\u00e1v\u0161t\u011bva Krkono\u0161sk\u00e9ho muzea v Jelen\u00ed Ho\u0159e je jedine\u010dn\u00fdm z\u00e1\u017eitkem, kter\u00fd v\u00e1m umo\u017en\u00ed poznat fascinuj\u00edc\u00ed historii, kulturu a p\u0159\u00edrodu Krkono\u0161. Je to m\u00edsto, kter\u00e9 p\u0159ed\u00e1v\u00e1 znalosti, inspiruje a t\u011b\u0161\u00ed sv\u00fdmi expon\u00e1ty. Krkono\u0161sk\u00e9 muzeum je nejen pokladnic\u00ed v\u011bdomost\u00ed, ale tak\u00e9 srdcem krkono\u0161sk\u00e9 kultury a d\u011bdictv\u00ed.<\/p>\n\t\t\t\t\t\t\t\t<\/div>\n\t\t\t\t<\/div>\n\t\t\t\t\t<\/div>\n\t\t<\/div>\n\t\t\t\t<div class=\"elementor-column elementor-col-50 elementor-top-column elementor-element elementor-element-0237fb2\" data-id=\"0237fb2\" data-element_type=\"column\">\n\t\t\t<div class=\"elementor-widget-wrap elementor-element-populated\">\n\t\t\t\t\t\t<div class=\"elementor-element elementor-element-2f595060 elementor-widget__width-initial elementor-widget-mobile__width-inherit elementor-icon-list--layout-traditional elementor-list-item-link-full_width elementor-invisible elementor-widget elementor-widget-icon-list\" data-id=\"2f595060\" data-element_type=\"widget\" data-settings=\"{&quot;_animation&quot;:&quot;fadeInUp&quot;}\" data-widget_type=\"icon-list.default\">\n\t\t\t\t<div class=\"elementor-widget-container\">\n\t\t\t\t\t\t\t<ul class=\"elementor-icon-list-items\">\n\t\t\t\t\t\t\t<li class=\"elementor-icon-list-item\">\n\t\t\t\t\t\t\t\t\t\t\t<span class=\"elementor-icon-list-icon\">\n\t\t\t\t\t\t\t<i aria-hidden=\"true\" class=\"icon icon-check\"><\/i>\t\t\t\t\t\t<\/span>\n\t\t\t\t\t\t\t\t\t\t<span class=\"elementor-icon-list-text\">Rozs\u00e1hl\u00e1 sb\u00edrka expon\u00e1t\u016f<\/span>\n\t\t\t\t\t\t\t\t\t<\/li>\n\t\t\t\t\t\t\t\t<li class=\"elementor-icon-list-item\">\n\t\t\t\t\t\t\t\t\t\t\t<span class=\"elementor-icon-list-icon\">\n\t\t\t\t\t\t\t<i aria-hidden=\"true\" class=\"icon icon-check\"><\/i>\t\t\t\t\t\t<\/span>\n\t\t\t\t\t\t\t\t\t\t<span class=\"elementor-icon-list-text\">Do\u010dasn\u00e9 v\u00fdstavy<\/span>\n\t\t\t\t\t\t\t\t\t<\/li>\n\t\t\t\t\t\t\t\t<li class=\"elementor-icon-list-item\">\n\t\t\t\t\t\t\t\t\t\t\t<span class=\"elementor-icon-list-icon\">\n\t\t\t\t\t\t\t<i aria-hidden=\"true\" class=\"icon icon-check\"><\/i>\t\t\t\t\t\t<\/span>\n\t\t\t\t\t\t\t\t\t\t<span class=\"elementor-icon-list-text\">Workshopy, p\u0159edn\u00e1\u0161ky a setk\u00e1n\u00ed<\/span>\n\t\t\t\t\t\t\t\t\t<\/li>\n\t\t\t\t\t\t<\/ul>\n\t\t\t\t\t\t<\/div>\n\t\t\t\t<\/div>\n\t\t\t\t<div class=\"elementor-element elementor-element-47eae102 elementor-widget__width-initial elementor-widget-mobile__width-inherit elementor-icon-list--layout-traditional elementor-list-item-link-full_width elementor-invisible elementor-widget elementor-widget-icon-list\" data-id=\"47eae102\" data-element_type=\"widget\" data-settings=\"{&quot;_animation&quot;:&quot;fadeInUp&quot;}\" data-widget_type=\"icon-list.default\">\n\t\t\t\t<div class=\"elementor-widget-container\">\n\t\t\t\t\t\t\t<ul class=\"elementor-icon-list-items\">\n\t\t\t\t\t\t\t<li class=\"elementor-icon-list-item\">\n\t\t\t\t\t\t\t\t\t\t\t<span class=\"elementor-icon-list-icon\">\n\t\t\t\t\t\t\t<i aria-hidden=\"true\" class=\"icon icon-check\"><\/i>\t\t\t\t\t\t<\/span>\n\t\t\t\t\t\t\t\t\t\t<span class=\"elementor-icon-list-text\">Vzd\u011bl\u00e1v\u00e1n\u00ed d\u011bt\u00ed a ml\u00e1de\u017ee<\/span>\n\t\t\t\t\t\t\t\t\t<\/li>\n\t\t\t\t\t\t\t\t<li class=\"elementor-icon-list-item\">\n\t\t\t\t\t\t\t\t\t\t\t<span class=\"elementor-icon-list-icon\">\n\t\t\t\t\t\t\t<i aria-hidden=\"true\" class=\"icon icon-check\"><\/i>\t\t\t\t\t\t<\/span>\n\t\t\t\t\t\t\t\t\t\t<span class=\"elementor-icon-list-text\">Interaktivn\u00ed v\u00fdstavy<\/span>\n\t\t\t\t\t\t\t\t\t<\/li>\n\t\t\t\t\t\t\t\t<li class=\"elementor-icon-list-item\">\n\t\t\t\t\t\t\t\t\t\t\t<span class=\"elementor-icon-list-icon\">\n\t\t\t\t\t\t\t<i aria-hidden=\"true\" class=\"icon icon-check\"><\/i>\t\t\t\t\t\t<\/span>\n\t\t\t\t\t\t\t\t\t\t<span class=\"elementor-icon-list-text\">Rodinn\u00e1 atrakce<\/span>\n\t\t\t\t\t\t\t\t\t<\/li>\n\t\t\t\t\t\t<\/ul>\n\t\t\t\t\t\t<\/div>\n\t\t\t\t<\/div>\n\t\t\t\t<div class=\"elementor-element elementor-element-b3ae251 elementor-widget elementor-widget-image\" data-id=\"b3ae251\" data-element_type=\"widget\" data-widget_type=\"image.default\">\n\t\t\t\t<div class=\"elementor-widget-container\">\n\t\t\t\t\t\t\t\t\t\t\t\t\t\t\t<img decoding=\"async\" width=\"800\" height=\"490\" src=\"https:\/\/kochamkarkonosze.pl\/wp-content\/uploads\/2023\/07\/kocham_karkonosze_jelenia_gora_muzeum.webp\" class=\"attachment-large size-large wp-image-4099\" alt=\"kocham karkonosze jelenia gora muzeum\" srcset=\"https:\/\/kochamkarkonosze.pl\/wp-content\/uploads\/2023\/07\/kocham_karkonosze_jelenia_gora_muzeum.webp 960w, https:\/\/kochamkarkonosze.pl\/wp-content\/uploads\/2023\/07\/kocham_karkonosze_jelenia_gora_muzeum-300x184.webp 300w, https:\/\/kochamkarkonosze.pl\/wp-content\/uploads\/2023\/07\/kocham_karkonosze_jelenia_gora_muzeum-768x470.webp 768w\" sizes=\"(max-width: 800px) 100vw, 800px\" \/>\t\t\t\t\t\t\t\t\t\t\t\t\t\t\t<\/div>\n\t\t\t\t<\/div>\n\t\t\t\t<div class=\"elementor-element elementor-element-57dcfa8 elementor-invisible elementor-widget elementor-widget-heading\" data-id=\"57dcfa8\" data-element_type=\"widget\" data-settings=\"{&quot;_animation&quot;:&quot;fadeInUp&quot;}\" data-widget_type=\"heading.default\">\n\t\t\t\t<div class=\"elementor-widget-container\">\n\t\t\t\t\t<h4 class=\"elementor-heading-title elementor-size-default\">Krkono\u0161sk\u00e9 muzeum  na map\u011b<\/h4>\t\t\t\t<\/div>\n\t\t\t\t<\/div>\n\t\t\t\t<div class=\"elementor-element elementor-element-4a85b27 elementor-widget elementor-widget-html\" data-id=\"4a85b27\" data-element_type=\"widget\" data-widget_type=\"html.default\">\n\t\t\t\t<div class=\"elementor-widget-container\">\n\t\t\t\t\t<iframe src=\"https:\/\/www.google.com\/maps\/embed?pb=!1m14!1m8!1m3!1d10065.709631084286!2d15.7384168!3d50.8973072!3m2!1i1024!2i768!4f13.1!3m3!1m2!1s0x470ede241fde40f9%3A0x299059f0f21e9e56!2sMuzeum%20Karkonoskie%20w%20Jeleniej%20G%C3%B3rze!5e0!3m2!1spl!2spl!4v1689688063557!5m2!1spl!2spl\" width=\"600\" height=\"450\" style=\"border:0;\" allowfullscreen=\"\" loading=\"lazy\" referrerpolicy=\"no-referrer-when-downgrade\"><\/iframe>\t\t\t\t<\/div>\n\t\t\t\t<\/div>\n\t\t\t\t\t<\/div>\n\t\t<\/div>\n\t\t\t\t\t<\/div>\n\t\t<\/section>\n\t\t\t\t<section class=\"elementor-section elementor-top-section elementor-element elementor-element-e8e9ef4 elementor-section-boxed elementor-section-height-default elementor-section-height-default\" data-id=\"e8e9ef4\" data-element_type=\"section\">\n\t\t\t\t\t\t<div class=\"elementor-container elementor-column-gap-default\">\n\t\t\t\t\t<div class=\"elementor-column elementor-col-100 elementor-top-column elementor-element elementor-element-1226801\" data-id=\"1226801\" data-element_type=\"column\">\n\t\t\t<div class=\"elementor-widget-wrap elementor-element-populated\">\n\t\t\t\t\t\t<div class=\"elementor-element elementor-element-e097e24 elementor-widget__width-auto elementor-invisible elementor-widget elementor-widget-heading\" data-id=\"e097e24\" data-element_type=\"widget\" data-settings=\"{&quot;_animation&quot;:&quot;fadeInUp&quot;}\" data-widget_type=\"heading.default\">\n\t\t\t\t<div class=\"elementor-widget-container\">\n\t\t\t\t\t<h6 class=\"elementor-heading-title elementor-size-default\">nejlep\u0161\u00ed ubytov\u00e1n\u00ed<\/h6>\t\t\t\t<\/div>\n\t\t\t\t<\/div>\n\t\t\t\t<div class=\"elementor-element elementor-element-c4c89ba elementor-invisible elementor-widget elementor-widget-heading\" data-id=\"c4c89ba\" data-element_type=\"widget\" data-settings=\"{&quot;_animation&quot;:&quot;fadeInUp&quot;}\" data-widget_type=\"heading.default\">\n\t\t\t\t<div class=\"elementor-widget-container\">\n\t\t\t\t\t<h1 class=\"elementor-heading-title elementor-size-default\">Pod\u00edvejte se na nejlep\u0161\u00ed ubytov\u00e1n\u00ed<\/h1>\t\t\t\t<\/div>\n\t\t\t\t<\/div>\n\t\t\t\t<div class=\"elementor-element elementor-element-2b04711 elementor-invisible elementor-widget elementor-widget-elementskit-blog-posts\" data-id=\"2b04711\" data-element_type=\"widget\" data-settings=\"{&quot;_animation&quot;:&quot;fadeInUp&quot;}\" data-widget_type=\"elementskit-blog-posts.default\">\n\t\t\t\t<div class=\"elementor-widget-container\">\n\t\t\t\t\t<div class=\"ekit-wid-con\" >        <div id=\"post-items--2b04711\" class=\"row post-items\">\n                    <div class=\"col-lg-4 col-md-6\">\n\n                                    <div class=\"elementskit-post-image-card\">\n                        <div class=\"elementskit-entry-header\">\n                                                            <a href=\"https:\/\/kochamkarkonosze.pl\/cs\/five-seasons-hotel-szklarska-poreba\/\" class=\"elementskit-entry-thumb\">\n                                    <img decoding=\"async\" src=\"https:\/\/kochamkarkonosze.pl\/wp-content\/uploads\/2023\/07\/kocham_karkonosze_five_seasons_hotel-2-768x470.webp\" alt=\"Five Seasons Hotel Szklarska Poreba\">\n                                <\/a><!-- .elementskit-entry-thumb END -->\n                                                            \n                            \n\t\t\t\t\t\t\t\t\t\t\t\t\t<\/div><!-- .elementskit-entry-header END -->\n\n\t\t\t\t\t\t<div class=\"elementskit-post-body \">\n\t\t\t\t\t\t\t\n\t\t\t\t\t\t\t\t\t\t\t\t\t\t\t\t\t\t\t\t\t\t\t\t\t\n\t\t\t\t\t\t\t\t\n\t\t\t\t\t\t\t\t\t\t\t\t\t\t\t\t\t\t\t\t\t<h2 class=\"entry-title\">\n\t\t\t\t\t<a href=\"https:\/\/kochamkarkonosze.pl\/cs\/five-seasons-hotel-szklarska-poreba\/\">\n\t\t\t\t\t\tFive Seasons Hotel Szklarska Poreba\t\t\t\t\t<\/a>\n\t\t\t\t<\/h2>\n\t\t\t\t\t\t\t\t\t\t\t\t\t\t\t\t\t\t\t\t\t\t\t\t\t\t\t\t\t\t\t\t                                                    <\/div><!-- .elementskit-post-body END -->\n                    <\/div>\n                \n            <\/div>\n                    <div class=\"col-lg-4 col-md-6\">\n\n                                    <div class=\"elementskit-post-image-card\">\n                        <div class=\"elementskit-entry-header\">\n                                                            <a href=\"https:\/\/kochamkarkonosze.pl\/cs\/elements-hotel-spa-swieradow-zdroj\/\" class=\"elementskit-entry-thumb\">\n                                    <img decoding=\"async\" src=\"https:\/\/kochamkarkonosze.pl\/wp-content\/uploads\/2023\/07\/kocham_karkonosze_elements_hotel-768x470.webp\" alt=\"Elements Hotel &amp; SPA \u015awierad\u00f3w Zdr\u00f3j\">\n                                <\/a><!-- .elementskit-entry-thumb END -->\n                                                            \n                            \n\t\t\t\t\t\t\t\t\t\t\t\t\t<\/div><!-- .elementskit-entry-header END -->\n\n\t\t\t\t\t\t<div class=\"elementskit-post-body \">\n\t\t\t\t\t\t\t\n\t\t\t\t\t\t\t\t\t\t\t\t\t\t\t\t\t\t\t\t\t\t\t\t\t\n\t\t\t\t\t\t\t\t\n\t\t\t\t\t\t\t\t\t\t\t\t\t\t\t\t\t\t\t\t\t<h2 class=\"entry-title\">\n\t\t\t\t\t<a href=\"https:\/\/kochamkarkonosze.pl\/cs\/elements-hotel-spa-swieradow-zdroj\/\">\n\t\t\t\t\t\tElements Hotel &amp; SPA \u015awierad\u00f3w Zdr\u00f3j\t\t\t\t\t<\/a>\n\t\t\t\t<\/h2>\n\t\t\t\t\t\t\t\t\t\t\t\t\t\t\t\t\t\t\t\t\t\t\t\t\t\t\t\t\t\t\t\t                                                    <\/div><!-- .elementskit-post-body END -->\n                    <\/div>\n                \n            <\/div>\n                    <div class=\"col-lg-4 col-md-6\">\n\n                                    <div class=\"elementskit-post-image-card\">\n                        <div class=\"elementskit-entry-header\">\n                                                            <a href=\"https:\/\/kochamkarkonosze.pl\/cs\/forest-park-hotel-spa-swieradow-zdroj\/\" class=\"elementskit-entry-thumb\">\n                                    <img decoding=\"async\" src=\"https:\/\/kochamkarkonosze.pl\/wp-content\/uploads\/2023\/07\/kocham_karkonosze_forest_park-768x470.png\" alt=\"Forest Park Hotel &amp; SPA \u015awierad\u00f3w-Zdr\u00f3j\">\n                                <\/a><!-- .elementskit-entry-thumb END -->\n                                                            \n                            \n\t\t\t\t\t\t\t\t\t\t\t\t\t<\/div><!-- .elementskit-entry-header END -->\n\n\t\t\t\t\t\t<div class=\"elementskit-post-body \">\n\t\t\t\t\t\t\t\n\t\t\t\t\t\t\t\t\t\t\t\t\t\t\t\t\t\t\t\t\t\t\t\t\t\n\t\t\t\t\t\t\t\t\n\t\t\t\t\t\t\t\t\t\t\t\t\t\t\t\t\t\t\t\t\t<h2 class=\"entry-title\">\n\t\t\t\t\t<a href=\"https:\/\/kochamkarkonosze.pl\/cs\/forest-park-hotel-spa-swieradow-zdroj\/\">\n\t\t\t\t\t\tForest Park Hotel &amp; SPA \u015awierad\u00f3w-Zdr\u00f3j\t\t\t\t\t<\/a>\n\t\t\t\t<\/h2>\n\t\t\t\t\t\t\t\t\t\t\t\t\t\t\t\t\t\t\t\t\t\t\t\t\t\t\t\t\t\t\t\t                                                    <\/div><!-- .elementskit-post-body END -->\n                    <\/div>\n                \n            <\/div>\n                <\/div>\n       <\/div>\t\t\t\t<\/div>\n\t\t\t\t<\/div>\n\t\t\t\t\t<\/div>\n\t\t<\/div>\n\t\t\t\t\t<\/div>\n\t\t<\/section>\n\t\t\t\t<section class=\"elementor-section elementor-top-section elementor-element elementor-element-38548d19 elementor-section-boxed elementor-section-height-default elementor-section-height-default\" data-id=\"38548d19\" data-element_type=\"section\">\n\t\t\t\t\t\t<div class=\"elementor-container elementor-column-gap-default\">\n\t\t\t\t\t<div class=\"elementor-column elementor-col-100 elementor-top-column elementor-element elementor-element-6939b252\" data-id=\"6939b252\" data-element_type=\"column\">\n\t\t\t<div class=\"elementor-widget-wrap elementor-element-populated\">\n\t\t\t\t\t\t<div class=\"elementor-element elementor-element-5aed0444 elementor-widget__width-auto elementor-invisible elementor-widget elementor-widget-heading\" data-id=\"5aed0444\" data-element_type=\"widget\" data-settings=\"{&quot;_animation&quot;:&quot;fadeInUp&quot;}\" data-widget_type=\"heading.default\">\n\t\t\t\t<div class=\"elementor-widget-container\">\n\t\t\t\t\t<h6 class=\"elementor-heading-title elementor-size-default\">mus\u00edte to vid\u011bt<\/h6>\t\t\t\t<\/div>\n\t\t\t\t<\/div>\n\t\t\t\t<div class=\"elementor-element elementor-element-fcf0d06 elementor-invisible elementor-widget elementor-widget-heading\" data-id=\"fcf0d06\" data-element_type=\"widget\" data-settings=\"{&quot;_animation&quot;:&quot;fadeInUp&quot;}\" data-widget_type=\"heading.default\">\n\t\t\t\t<div class=\"elementor-widget-container\">\n\t\t\t\t\t<h1 class=\"elementor-heading-title elementor-size-default\">Objevte dal\u0161\u00ed zaj\u00edmavosti v Krkono\u0161\u00edch<\/h1>\t\t\t\t<\/div>\n\t\t\t\t<\/div>\n\t\t\t\t<div class=\"elementor-element elementor-element-1cea2dc1 elementor-invisible elementor-widget elementor-widget-elementskit-blog-posts\" data-id=\"1cea2dc1\" data-element_type=\"widget\" data-settings=\"{&quot;_animation&quot;:&quot;fadeInUp&quot;}\" data-widget_type=\"elementskit-blog-posts.default\">\n\t\t\t\t<div class=\"elementor-widget-container\">\n\t\t\t\t\t<div class=\"ekit-wid-con\" >        <div id=\"post-items--1cea2dc1\" class=\"row post-items\">\n                    <div class=\"col-lg-4 col-md-6\">\n\n                                    <div class=\"elementskit-post-image-card\">\n                        <div class=\"elementskit-entry-header\">\n                                                            <a href=\"https:\/\/kochamkarkonosze.pl\/cs\/utulek-samotnia-2\/\" class=\"elementskit-entry-thumb\">\n                                    <img decoding=\"async\" src=\"https:\/\/kochamkarkonosze.pl\/wp-content\/uploads\/2023\/07\/kocham_karkonosze_karpacz_schronisko-768x470.webp\" alt=\"\u00datulek Samotnia\">\n                                <\/a><!-- .elementskit-entry-thumb END -->\n                                                            \n                            \n\t\t\t\t\t\t\t\t\t\t\t\t\t<\/div><!-- .elementskit-entry-header END -->\n\n\t\t\t\t\t\t<div class=\"elementskit-post-body \">\n\t\t\t\t\t\t\t\n\t\t\t\t\t\t\t\t\t\t\t\t\t\t\t\t\t\t\t\t\t\t\t\t\t\n\t\t\t\t\t\t\t\t\n\t\t\t\t\t\t\t\t\t\t\t\t\t\t\t\t\t\t\t\t\t<h2 class=\"entry-title\">\n\t\t\t\t\t<a href=\"https:\/\/kochamkarkonosze.pl\/cs\/utulek-samotnia-2\/\">\n\t\t\t\t\t\t\u00datulek Samotnia\t\t\t\t\t<\/a>\n\t\t\t\t<\/h2>\n\t\t\t\t\t\t\t\t\t\t\t\t\t\t\t\t\t\t\t\t\t\t\t\t\t\t\t\t\t\t\t\t                                                    <\/div><!-- .elementskit-post-body END -->\n                    <\/div>\n                \n            <\/div>\n                    <div class=\"col-lg-4 col-md-6\">\n\n                                    <div class=\"elementskit-post-image-card\">\n                        <div class=\"elementskit-entry-header\">\n                                                            <a href=\"https:\/\/kochamkarkonosze.pl\/cs\/slunecnicova-grafitova-formace\/\" class=\"elementskit-entry-thumb\">\n                                    <img decoding=\"async\" src=\"https:\/\/kochamkarkonosze.pl\/wp-content\/uploads\/2023\/07\/kocham_karkonosze_karpacz_slonecznik-768x470.webp\" alt=\"Slune\u010dnicov\u00e1 grafitov\u00e1 formace\">\n                                <\/a><!-- .elementskit-entry-thumb END -->\n                                                            \n                            \n\t\t\t\t\t\t\t\t\t\t\t\t\t<\/div><!-- .elementskit-entry-header END -->\n\n\t\t\t\t\t\t<div class=\"elementskit-post-body \">\n\t\t\t\t\t\t\t\n\t\t\t\t\t\t\t\t\t\t\t\t\t\t\t\t\t\t\t\t\t\t\t\t\t\n\t\t\t\t\t\t\t\t\n\t\t\t\t\t\t\t\t\t\t\t\t\t\t\t\t\t\t\t\t\t<h2 class=\"entry-title\">\n\t\t\t\t\t<a href=\"https:\/\/kochamkarkonosze.pl\/cs\/slunecnicova-grafitova-formace\/\">\n\t\t\t\t\t\tSlune\u010dnicov\u00e1 grafitov\u00e1 formace\t\t\t\t\t<\/a>\n\t\t\t\t<\/h2>\n\t\t\t\t\t\t\t\t\t\t\t\t\t\t\t\t\t\t\t\t\t\t\t\t\t\t\t\t\t\t\t\t                                                    <\/div><!-- .elementskit-post-body END -->\n                    <\/div>\n                \n            <\/div>\n                    <div class=\"col-lg-4 col-md-6\">\n\n                                    <div class=\"elementskit-post-image-card\">\n                        <div class=\"elementskit-entry-header\">\n                                                            <a href=\"https:\/\/kochamkarkonosze.pl\/cs\/lyzarska-arena-karpacz-2\/\" class=\"elementskit-entry-thumb\">\n                                    <img decoding=\"async\" src=\"https:\/\/kochamkarkonosze.pl\/wp-content\/uploads\/2023\/07\/kocham_karkonosze_karpacz_ski_arena-768x470.webp\" alt=\"Ly\u017ea\u0159sk\u00e1 ar\u00e9na Karpacz\">\n                                <\/a><!-- .elementskit-entry-thumb END -->\n                                                            \n                            \n\t\t\t\t\t\t\t\t\t\t\t\t\t<\/div><!-- .elementskit-entry-header END -->\n\n\t\t\t\t\t\t<div class=\"elementskit-post-body \">\n\t\t\t\t\t\t\t\n\t\t\t\t\t\t\t\t\t\t\t\t\t\t\t\t\t\t\t\t\t\t\t\t\t\n\t\t\t\t\t\t\t\t\n\t\t\t\t\t\t\t\t\t\t\t\t\t\t\t\t\t\t\t\t\t<h2 class=\"entry-title\">\n\t\t\t\t\t<a href=\"https:\/\/kochamkarkonosze.pl\/cs\/lyzarska-arena-karpacz-2\/\">\n\t\t\t\t\t\tLy\u017ea\u0159sk\u00e1 ar\u00e9na Karpacz\t\t\t\t\t<\/a>\n\t\t\t\t<\/h2>\n\t\t\t\t\t\t\t\t\t\t\t\t\t\t\t\t\t\t\t\t\t\t\t\t\t\t\t\t\t\t\t\t                                                    <\/div><!-- .elementskit-post-body END -->\n                    <\/div>\n                \n            <\/div>\n                <\/div>\n       <\/div>\t\t\t\t<\/div>\n\t\t\t\t<\/div>\n\t\t\t\t\t<\/div>\n\t\t<\/div>\n\t\t\t\t\t<\/div>\n\t\t<\/section>\n\t\t\t\t<\/div>\n\t\t","protected":false},"excerpt":{"rendered":"<p>V\u00edtejte ve fascinuj\u00edc\u00edm Krkono\u0161sk\u00e9m muzeu v Jelen\u00ed Ho\u0159e! Je to m\u00edsto, kter\u00e9 v\u00e1s zve na cestu za histori\u00ed, kulturou a p\u0159\u00edrodou Krkono\u0161. Krkono\u0161sk\u00e9 muzeum je pokladnic\u00ed v\u011bdomost\u00ed a jedine\u010dn\u00fdch expon\u00e1t\u016f, kter\u00e9 o\u017eivuj\u00ed minulost a umo\u017e\u0148uj\u00ed objevovat mimo\u0159\u00e1dn\u00e9 kr\u00e1sy regionu. P\u0159ipravte se na nezapomenuteln\u00fd z\u00e1\u017eitek pln\u00fd u\u010den\u00ed a inspirace. Karkonosk\u00e9 muzeum v Jelen\u00ed Ho\u0159e je v\u00fdjime\u010dn\u00e9 [&hellip;]<\/p>\n","protected":false},"author":1,"featured_media":4099,"comment_status":"closed","ping_status":"closed","sticky":false,"template":"","format":"standard","meta":{"footnotes":""},"categories":[64,37],"tags":[],"class_list":["post-7172","post","type-post","status-publish","format-standard","has-post-thumbnail","hentry","category-jelenia-gora-cs","category-zajimavosti"],"_links":{"self":[{"href":"https:\/\/kochamkarkonosze.pl\/cs\/wp-json\/wp\/v2\/posts\/7172","targetHints":{"allow":["GET"]}}],"collection":[{"href":"https:\/\/kochamkarkonosze.pl\/cs\/wp-json\/wp\/v2\/posts"}],"about":[{"href":"https:\/\/kochamkarkonosze.pl\/cs\/wp-json\/wp\/v2\/types\/post"}],"author":[{"embeddable":true,"href":"https:\/\/kochamkarkonosze.pl\/cs\/wp-json\/wp\/v2\/users\/1"}],"replies":[{"embeddable":true,"href":"https:\/\/kochamkarkonosze.pl\/cs\/wp-json\/wp\/v2\/comments?post=7172"}],"version-history":[{"count":2,"href":"https:\/\/kochamkarkonosze.pl\/cs\/wp-json\/wp\/v2\/posts\/7172\/revisions"}],"predecessor-version":[{"id":7177,"href":"https:\/\/kochamkarkonosze.pl\/cs\/wp-json\/wp\/v2\/posts\/7172\/revisions\/7177"}],"wp:featuredmedia":[{"embeddable":true,"href":"https:\/\/kochamkarkonosze.pl\/cs\/wp-json\/wp\/v2\/media\/4099"}],"wp:attachment":[{"href":"https:\/\/kochamkarkonosze.pl\/cs\/wp-json\/wp\/v2\/media?parent=7172"}],"wp:term":[{"taxonomy":"category","embeddable":true,"href":"https:\/\/kochamkarkonosze.pl\/cs\/wp-json\/wp\/v2\/categories?post=7172"},{"taxonomy":"post_tag","embeddable":true,"href":"https:\/\/kochamkarkonosze.pl\/cs\/wp-json\/wp\/v2\/tags?post=7172"}],"curies":[{"name":"wp","href":"https:\/\/api.w.org\/{rel}","templated":true}]}}