{"id":7599,"date":"2023-08-02T12:40:03","date_gmt":"2023-08-02T12:40:03","guid":{"rendered":"https:\/\/kochamkarkonosze.pl\/szrenica\/"},"modified":"2024-07-24T09:13:20","modified_gmt":"2024-07-24T09:13:20","slug":"szrenica","status":"publish","type":"post","link":"https:\/\/kochamkarkonosze.pl\/cs\/szrenica\/","title":{"rendered":"Szrenica"},"content":{"rendered":"\t\t<div data-elementor-type=\"wp-post\" data-elementor-id=\"7599\" class=\"elementor elementor-7599 elementor-3132\" data-elementor-post-type=\"post\">\n\t\t\t\t\t\t<section class=\"elementor-section elementor-top-section elementor-element elementor-element-4f172c24 elementor-section-height-min-height elementor-section-boxed elementor-section-height-default elementor-section-items-middle elementor-invisible\" data-id=\"4f172c24\" data-element_type=\"section\" data-settings=\"{&quot;background_background&quot;:&quot;classic&quot;,&quot;animation&quot;:&quot;fadeIn&quot;}\">\n\t\t\t\t\t\t\t<div class=\"elementor-background-overlay\"><\/div>\n\t\t\t\t\t\t\t<div class=\"elementor-container elementor-column-gap-default\">\n\t\t\t\t\t<div class=\"elementor-column elementor-col-100 elementor-top-column elementor-element elementor-element-6d904623\" data-id=\"6d904623\" data-element_type=\"column\">\n\t\t\t<div class=\"elementor-widget-wrap elementor-element-populated\">\n\t\t\t\t\t\t<div class=\"elementor-element elementor-element-e26fda9 elementor-invisible elementor-widget elementor-widget-heading\" data-id=\"e26fda9\" data-element_type=\"widget\" data-settings=\"{&quot;_animation&quot;:&quot;fadeInUp&quot;}\" data-widget_type=\"heading.default\">\n\t\t\t\t<div class=\"elementor-widget-container\">\n\t\t\t\t\t<h1 class=\"elementor-heading-title elementor-size-default\">Szrenica<\/h1>\t\t\t\t<\/div>\n\t\t\t\t<\/div>\n\t\t\t\t\t<\/div>\n\t\t<\/div>\n\t\t\t\t\t<\/div>\n\t\t<\/section>\n\t\t\t\t<section class=\"elementor-section elementor-top-section elementor-element elementor-element-596b861 elementor-section-boxed elementor-section-height-default elementor-section-height-default\" data-id=\"596b861\" data-element_type=\"section\">\n\t\t\t\t\t\t<div class=\"elementor-container elementor-column-gap-default\">\n\t\t\t\t\t<div class=\"elementor-column elementor-col-100 elementor-top-column elementor-element elementor-element-b4ae46e\" data-id=\"b4ae46e\" data-element_type=\"column\">\n\t\t\t<div class=\"elementor-widget-wrap elementor-element-populated\">\n\t\t\t\t\t\t<div class=\"elementor-element elementor-element-ad53640 elementor-invisible elementor-widget elementor-widget-heading\" data-id=\"ad53640\" data-element_type=\"widget\" data-settings=\"{&quot;_animation&quot;:&quot;fadeInUp&quot;}\" data-widget_type=\"heading.default\">\n\t\t\t\t<div class=\"elementor-widget-container\">\n\t\t\t\t\t<h1 class=\"elementor-heading-title elementor-size-default\">Szrenica  - vrchol v Krkono\u0161\u00edch<\/h1>\t\t\t\t<\/div>\n\t\t\t\t<\/div>\n\t\t\t\t<div class=\"elementor-element elementor-element-f41eefe elementor-drop-cap-yes elementor-drop-cap-view-default elementor-invisible elementor-widget elementor-widget-text-editor\" data-id=\"f41eefe\" data-element_type=\"widget\" data-settings=\"{&quot;_animation&quot;:&quot;fadeInUp&quot;,&quot;drop_cap&quot;:&quot;yes&quot;}\" data-widget_type=\"text-editor.default\">\n\t\t\t\t<div class=\"elementor-widget-container\">\n\t\t\t\t\t\t\t\t\t<p>Szrenica je impozantn\u00ed vrchol v Karkonosze, poho\u0159\u00ed na hranic\u00edch mezi Polskem a \u010ceskou republikou. Tato malebn\u00e1 hora, zn\u00e1m\u00e1 svou mimo\u0159\u00e1dnou kr\u00e1sou a majest\u00e1tn\u00edm v\u00fdhledem, l\u00e1k\u00e1 turisty, milovn\u00edky p\u0159\u00edrody i zimn\u00edch sport\u016f. Szrenica je jedn\u00edm z nejnav\u0161t\u011bvovan\u011bj\u0161\u00edch m\u00edst v t\u00e9to \u010d\u00e1sti Evropy.<\/p>\n\t\t\t\t\t\t\t\t<\/div>\n\t\t\t\t<\/div>\n\t\t\t\t<div class=\"elementor-element elementor-element-26cb15b elementor-widget elementor-widget-shortcode\" data-id=\"26cb15b\" data-element_type=\"widget\" data-widget_type=\"shortcode.default\">\n\t\t\t\t<div class=\"elementor-widget-container\">\n\t\t\t\t\t\t\t<div class=\"elementor-shortcode\">\t\t<div data-elementor-type=\"section\" data-elementor-id=\"7528\" class=\"elementor elementor-7528 elementor-2441\" data-elementor-post-type=\"elementor_library\">\n\t\t\t\t\t<section class=\"elementor-section elementor-top-section elementor-element elementor-element-8214074 elementor-section-boxed elementor-section-height-default elementor-section-height-default\" data-id=\"8214074\" data-element_type=\"section\">\n\t\t\t\t\t\t<div class=\"elementor-container elementor-column-gap-default\">\n\t\t\t\t\t<div class=\"elementor-column elementor-col-100 elementor-top-column elementor-element elementor-element-ea844b9\" data-id=\"ea844b9\" data-element_type=\"column\">\n\t\t\t<div class=\"elementor-widget-wrap elementor-element-populated\">\n\t\t\t\t\t\t<div class=\"elementor-element elementor-element-f690958 elementor-widget elementor-widget-image\" data-id=\"f690958\" data-element_type=\"widget\" data-widget_type=\"image.default\">\n\t\t\t\t<div class=\"elementor-widget-container\">\n\t\t\t\t\t\t\t\t\t\t\t\t\t\t\t\t<a href=\"https:\/\/blue-mountain-resort.pl\" target=\"_blank\" rel=\"nofollow\">\n\t\t\t\t\t\t\t<img fetchpriority=\"high\" decoding=\"async\" width=\"2248\" height=\"922\" src=\"https:\/\/kochamkarkonosze.pl\/wp-content\/uploads\/2023\/07\/2.png\" class=\"attachment-full size-full wp-image-8387\" alt=\"\" srcset=\"https:\/\/kochamkarkonosze.pl\/wp-content\/uploads\/2023\/07\/2.png 2248w, https:\/\/kochamkarkonosze.pl\/wp-content\/uploads\/2023\/07\/2-300x123.png 300w, https:\/\/kochamkarkonosze.pl\/wp-content\/uploads\/2023\/07\/2-1024x420.png 1024w, https:\/\/kochamkarkonosze.pl\/wp-content\/uploads\/2023\/07\/2-768x315.png 768w, https:\/\/kochamkarkonosze.pl\/wp-content\/uploads\/2023\/07\/2-1536x630.png 1536w, https:\/\/kochamkarkonosze.pl\/wp-content\/uploads\/2023\/07\/2-2048x840.png 2048w\" sizes=\"(max-width: 2248px) 100vw, 2248px\" \/>\t\t\t\t\t\t\t\t<\/a>\n\t\t\t\t\t\t\t\t\t\t\t\t\t\t\t<\/div>\n\t\t\t\t<\/div>\n\t\t\t\t\t<\/div>\n\t\t<\/div>\n\t\t\t\t\t<\/div>\n\t\t<\/section>\n\t\t\t\t<\/div>\n\t\t<\/div>\n\t\t\t\t\t\t<\/div>\n\t\t\t\t<\/div>\n\t\t\t\t\t<\/div>\n\t\t<\/div>\n\t\t\t\t\t<\/div>\n\t\t<\/section>\n\t\t\t\t<section class=\"elementor-section elementor-top-section elementor-element elementor-element-8ea1849 elementor-section-boxed elementor-section-height-default elementor-section-height-default\" data-id=\"8ea1849\" data-element_type=\"section\">\n\t\t\t\t\t\t<div class=\"elementor-container elementor-column-gap-default\">\n\t\t\t\t\t<div class=\"elementor-column elementor-col-50 elementor-top-column elementor-element elementor-element-3676715\" data-id=\"3676715\" data-element_type=\"column\">\n\t\t\t<div class=\"elementor-widget-wrap elementor-element-populated\">\n\t\t\t\t\t\t<div class=\"elementor-element elementor-element-72afd3e8 elementor-drop-cap-yes elementor-drop-cap-view-default elementor-invisible elementor-widget elementor-widget-text-editor\" data-id=\"72afd3e8\" data-element_type=\"widget\" data-settings=\"{&quot;_animation&quot;:&quot;fadeInUp&quot;,&quot;drop_cap&quot;:&quot;yes&quot;}\" data-widget_type=\"text-editor.default\">\n\t\t\t\t<div class=\"elementor-widget-container\">\n\t\t\t\t\t\t\t\t\t<p>Vrchol Szrenica se ty\u010d\u00ed do v\u00fd\u0161ky 1 362 metr\u016f nad mo\u0159em a je tak jedn\u00edm z nejvy\u0161\u0161\u00edch bod\u016f Krkono\u0161. O jeho obl\u00edbenosti sv\u011bd\u010d\u00ed i to, \u017ee na samotn\u00fd vrchol se lze dostat jak p\u011b\u0161ky, tak lanovkou. V\u00fdhled, kter\u00fd se v\u00e1m naskytne z vrcholu, je \u00fachvatn\u00fd. Na jihu se n\u00e1m naskytne malebn\u00e9 panorama \u010desk\u00fdch Sudet a na severu se pokoch\u00e1me p\u016fvabem polsk\u00e9 Jeleniog\u00f3rsk\u00e9 kotliny.<\/p>\n<p>Szrenica nab\u00edz\u00ed tak\u00e9 nezapomenuteln\u00fd z\u00e1\u017eitek z krajiny. V l\u00e9t\u011b vytv\u00e1\u0159ej\u00ed zelen\u00e9 louky pokryt\u00e9 kvetouc\u00edmi kv\u011btinami, st\u0159\u00edb\u0159it\u00e9 potoky a rybn\u00edky a okoln\u00ed hory \u00fachvatnou krajinu. Je to r\u00e1j pro milovn\u00edky p\u011b\u0161\u00ed turistiky, kte\u0159\u00ed mohou prozkoum\u00e1vat \u010detn\u00e9 horsk\u00e9 stezky a obdivovat bohatou krkono\u0161skou fl\u00f3ru a faunu. Szrenica je tak\u00e9 skv\u011bl\u00fdm vyhl\u00eddkov\u00fdm m\u00edstem, odkud m\u016f\u017eete obdivovat v\u00fdchody a z\u00e1pady slunce, kter\u00e9 vytv\u00e1\u0159ej\u00ed neobvykl\u00e9 barvy a \u00fa\u017easnou atmosf\u00e9ru.<\/p>\n\t\t\t\t\t\t\t\t<\/div>\n\t\t\t\t<\/div>\n\t\t\t\t<div class=\"elementor-element elementor-element-2d23d3b elementor-widget elementor-widget-shortcode\" data-id=\"2d23d3b\" data-element_type=\"widget\" data-widget_type=\"shortcode.default\">\n\t\t\t\t<div class=\"elementor-widget-container\">\n\t\t\t\t\t\t\t<div class=\"elementor-shortcode\">\t\t<div data-elementor-type=\"section\" data-elementor-id=\"8247\" class=\"elementor elementor-8247 elementor-2450\" data-elementor-post-type=\"elementor_library\">\n\t\t\t\t\t<section class=\"elementor-section elementor-top-section elementor-element elementor-element-8214074 elementor-section-boxed elementor-section-height-default elementor-section-height-default\" data-id=\"8214074\" data-element_type=\"section\">\n\t\t\t\t\t\t<div class=\"elementor-container elementor-column-gap-default\">\n\t\t\t\t\t<div class=\"elementor-column elementor-col-100 elementor-top-column elementor-element elementor-element-ea844b9\" data-id=\"ea844b9\" data-element_type=\"column\">\n\t\t\t<div class=\"elementor-widget-wrap elementor-element-populated\">\n\t\t\t\t\t\t<div class=\"elementor-element elementor-element-f690958 elementor-widget elementor-widget-image\" data-id=\"f690958\" data-element_type=\"widget\" data-widget_type=\"image.default\">\n\t\t\t\t<div class=\"elementor-widget-container\">\n\t\t\t\t\t\t\t\t\t\t\t\t\t\t\t\t<a href=\"https:\/\/fiveseasons.pl\" target=\"_blank\" rel=\"nofollow\">\n\t\t\t\t\t\t\t<img decoding=\"async\" width=\"2248\" height=\"922\" src=\"https:\/\/kochamkarkonosze.pl\/wp-content\/uploads\/2023\/08\/ZIMA-\u2013-FS-baner-poziomy-para-1.gif\" class=\"attachment-full size-full wp-image-5771\" alt=\"ZIMA \u2013 FS baner poziomy para 1\" \/>\t\t\t\t\t\t\t\t<\/a>\n\t\t\t\t\t\t\t\t\t\t\t\t\t\t\t<\/div>\n\t\t\t\t<\/div>\n\t\t\t\t\t<\/div>\n\t\t<\/div>\n\t\t\t\t\t<\/div>\n\t\t<\/section>\n\t\t\t\t<\/div>\n\t\t<\/div>\n\t\t\t\t\t\t<\/div>\n\t\t\t\t<\/div>\n\t\t\t\t<div class=\"elementor-element elementor-element-023511b elementor-drop-cap-yes elementor-drop-cap-view-default elementor-invisible elementor-widget elementor-widget-text-editor\" data-id=\"023511b\" data-element_type=\"widget\" data-settings=\"{&quot;_animation&quot;:&quot;fadeInUp&quot;,&quot;drop_cap&quot;:&quot;yes&quot;}\" data-widget_type=\"text-editor.default\">\n\t\t\t\t<div class=\"elementor-widget-container\">\n\t\t\t\t\t\t\t\t\t<p>V zim\u011b l\u00e1k\u00e1 Szrenica milovn\u00edky zimn\u00edch sport\u016f. Skv\u011bl\u00e9 ly\u017ea\u0159sk\u00e9 a snowboardov\u00e9 sjezdovky, perfektn\u011b upraven\u00e9 svahy a modern\u00ed vleky v\u00e1m umo\u017en\u00ed b\u00fdt aktivn\u00ed na sn\u011bhu. Hora je skv\u011bl\u00fdm m\u00edstem pro v\u00fduku ly\u017eov\u00e1n\u00ed pro za\u010d\u00e1te\u010dn\u00edky a skute\u010dnou v\u00fdzvou pro zku\u0161en\u00e9 ly\u017ea\u0159e.<\/p>\n<p>N\u00e1v\u0161t\u011bvn\u00edky Szrenici l\u00e1k\u00e1 nejen p\u0159\u00edroda a sport, ale tak\u00e9 bohat\u00e1 historie tohoto m\u00edsta. V minulosti byla Szrenica turistick\u00fdm centrem a l\u00e1ze\u0148sk\u00fdm st\u0159ediskem. St\u00e1le se zde nach\u00e1zej\u00ed stopy po b\u00fdval\u00fdch vil\u00e1ch, chalup\u00e1ch a sanatori\u00edch, co\u017e p\u0159isp\u00edv\u00e1 ke specifick\u00e9mu kouzlu m\u00edsta.<\/p>\n<p>B\u011bhem pobytu na ostrov\u011b Szrenica m\u016f\u017eete nav\u0161t\u00edvit tak\u00e9 nedalek\u00e9 turistick\u00e9 zaj\u00edmavosti, jako je Szklarska Por\u0119ba a \u015awierad\u00f3w-Zdr\u00f3j. Tyto p\u016fvabn\u00e9 vesni\u010dky nab\u00edzej\u00ed dal\u0161\u00ed mo\u017enosti aktivn\u00edho tr\u00e1ven\u00ed voln\u00e9ho \u010dasu, kulturn\u00edch akc\u00ed a vynikaj\u00edc\u00ed region\u00e1ln\u00ed kuchyn\u011b, kde si m\u016f\u017eete odpo\u010dinout od ka\u017edodenn\u00ed rutiny a relaxovat.<\/p>\n<p>N\u00e1v\u0161t\u011bva Szrenici je nezapomenuteln\u00fdm v\u00fdletem do p\u0159\u00edrody, kde si m\u016f\u017eete odpo\u010dinout od ruchu m\u011bsta a na\u010derpat novou energii. Je ide\u00e1ln\u00edm m\u00edstem pro v\u0161echny, kdo miluj\u00ed hory, kr\u00e1su p\u0159\u00edrody a aktivn\u00ed odpo\u010dinek. Bez ohledu na ro\u010dn\u00ed obdob\u00ed nab\u00edz\u00ed Szrenica spoustu atrakc\u00ed a z\u00e1\u017eitk\u016f, na kter\u00e9 budete dlouho vzpom\u00ednat.<\/p>\n\t\t\t\t\t\t\t\t<\/div>\n\t\t\t\t<\/div>\n\t\t\t\t\t<\/div>\n\t\t<\/div>\n\t\t\t\t<div class=\"elementor-column elementor-col-50 elementor-top-column elementor-element elementor-element-0237fb2\" data-id=\"0237fb2\" data-element_type=\"column\">\n\t\t\t<div class=\"elementor-widget-wrap elementor-element-populated\">\n\t\t\t\t\t\t<div class=\"elementor-element elementor-element-285f08c elementor-position-left elementor-view-default elementor-mobile-position-top elementor-vertical-align-top elementor-widget elementor-widget-icon-box\" data-id=\"285f08c\" data-element_type=\"widget\" data-widget_type=\"icon-box.default\">\n\t\t\t\t<div class=\"elementor-widget-container\">\n\t\t\t\t\t\t\t<div class=\"elementor-icon-box-wrapper\">\n\n\t\t\t\t\t\t<div class=\"elementor-icon-box-icon\">\n\t\t\t\t<span  class=\"elementor-icon\">\n\t\t\t\t<svg aria-hidden=\"true\" class=\"e-font-icon-svg e-fas-mountain\" viewBox=\"0 0 640 512\" xmlns=\"http:\/\/www.w3.org\/2000\/svg\"><path d=\"M634.92 462.7l-288-448C341.03 5.54 330.89 0 320 0s-21.03 5.54-26.92 14.7l-288 448a32.001 32.001 0 0 0-1.17 32.64A32.004 32.004 0 0 0 32 512h576c11.71 0 22.48-6.39 28.09-16.67a31.983 31.983 0 0 0-1.17-32.63zM320 91.18L405.39 224H320l-64 64-38.06-38.06L320 91.18z\"><\/path><\/svg>\t\t\t\t<\/span>\n\t\t\t<\/div>\n\t\t\t\n\t\t\t\t\t\t<div class=\"elementor-icon-box-content\">\n\n\t\t\t\t\t\t\t\t\t<h3 class=\"elementor-icon-box-title\">\n\t\t\t\t\t\t<span  >\n\t\t\t\t\t\t\tSzrenica\t\t\t\t\t\t<\/span>\n\t\t\t\t\t<\/h3>\n\t\t\t\t\n\t\t\t\t\t\t\t\t\t<p class=\"elementor-icon-box-description\">\n\t\t\t\t\t\t1362 m n. p. m.\t\t\t\t\t<\/p>\n\t\t\t\t\n\t\t\t<\/div>\n\t\t\t\n\t\t<\/div>\n\t\t\t\t\t\t<\/div>\n\t\t\t\t<\/div>\n\t\t\t\t<div class=\"elementor-element elementor-element-c72330d elementor-widget elementor-widget-image\" data-id=\"c72330d\" data-element_type=\"widget\" data-widget_type=\"image.default\">\n\t\t\t\t<div class=\"elementor-widget-container\">\n\t\t\t\t\t\t\t\t\t\t\t\t\t\t\t<img decoding=\"async\" width=\"800\" height=\"527\" src=\"https:\/\/kochamkarkonosze.pl\/wp-content\/uploads\/2023\/08\/Szrenica-1024x675.webp\" class=\"attachment-large size-large wp-image-4936\" alt=\"Szrenica\" srcset=\"https:\/\/kochamkarkonosze.pl\/wp-content\/uploads\/2023\/08\/Szrenica-1024x675.webp 1024w, https:\/\/kochamkarkonosze.pl\/wp-content\/uploads\/2023\/08\/Szrenica-300x198.webp 300w, https:\/\/kochamkarkonosze.pl\/wp-content\/uploads\/2023\/08\/Szrenica-768x506.webp 768w, https:\/\/kochamkarkonosze.pl\/wp-content\/uploads\/2023\/08\/Szrenica.webp 1500w\" sizes=\"(max-width: 800px) 100vw, 800px\" \/>\t\t\t\t\t\t\t\t\t\t\t\t\t\t\t<\/div>\n\t\t\t\t<\/div>\n\t\t\t\t<div class=\"elementor-element elementor-element-57dcfa8 elementor-invisible elementor-widget elementor-widget-heading\" data-id=\"57dcfa8\" data-element_type=\"widget\" data-settings=\"{&quot;_animation&quot;:&quot;fadeInUp&quot;}\" data-widget_type=\"heading.default\">\n\t\t\t\t<div class=\"elementor-widget-container\">\n\t\t\t\t\t<h4 class=\"elementor-heading-title elementor-size-default\">Szrenica  na map\u011b<\/h4>\t\t\t\t<\/div>\n\t\t\t\t<\/div>\n\t\t\t\t<div class=\"elementor-element elementor-element-2f320fb elementor-widget elementor-widget-html\" data-id=\"2f320fb\" data-element_type=\"widget\" data-widget_type=\"html.default\">\n\t\t\t\t<div class=\"elementor-widget-container\">\n\t\t\t\t\t<iframe src=\"https:\/\/www.google.com\/maps\/embed?pb=!1m18!1m12!1m3!1d20176.923027461424!2d15.492598157906153!3d50.79197028617539!2m3!1f0!2f0!3f0!3m2!1i1024!2i768!4f13.1!3m3!1m2!1s0x470ec4e70642326b%3A0x929079297a25a316!2sSzrenica!5e0!3m2!1spl!2spl!4v1690980408644!5m2!1spl!2spl\" width=\"600\" height=\"450\" style=\"border:0;\" allowfullscreen=\"\" loading=\"lazy\" referrerpolicy=\"no-referrer-when-downgrade\"><\/iframe>\t\t\t\t<\/div>\n\t\t\t\t<\/div>\n\t\t\t\t\t<\/div>\n\t\t<\/div>\n\t\t\t\t\t<\/div>\n\t\t<\/section>\n\t\t\t\t<section class=\"elementor-section elementor-top-section elementor-element elementor-element-9b9a29b elementor-section-boxed elementor-section-height-default elementor-section-height-default\" data-id=\"9b9a29b\" data-element_type=\"section\">\n\t\t\t\t\t\t<div class=\"elementor-container elementor-column-gap-default\">\n\t\t\t\t\t<div class=\"elementor-column elementor-col-100 elementor-top-column elementor-element elementor-element-1b4e798\" data-id=\"1b4e798\" data-element_type=\"column\">\n\t\t\t<div class=\"elementor-widget-wrap elementor-element-populated\">\n\t\t\t\t\t\t<div class=\"elementor-element elementor-element-7f3f4ff elementor-invisible elementor-widget elementor-widget-heading\" data-id=\"7f3f4ff\" data-element_type=\"widget\" data-settings=\"{&quot;_animation&quot;:&quot;fadeInUp&quot;}\" data-widget_type=\"heading.default\">\n\t\t\t\t<div class=\"elementor-widget-container\">\n\t\t\t\t\t<h1 class=\"elementor-heading-title elementor-size-default\">Szrenica  - praktick\u00e9 tipy<\/h1>\t\t\t\t<\/div>\n\t\t\t\t<\/div>\n\t\t\t\t<div class=\"elementor-element elementor-element-457e6e4 elementor-drop-cap-yes elementor-drop-cap-view-default elementor-invisible elementor-widget elementor-widget-text-editor\" data-id=\"457e6e4\" data-element_type=\"widget\" data-settings=\"{&quot;_animation&quot;:&quot;fadeInUp&quot;,&quot;drop_cap&quot;:&quot;yes&quot;}\" data-widget_type=\"text-editor.default\">\n\t\t\t\t<div class=\"elementor-widget-container\">\n\t\t\t\t\t\t\t\t\t<ol>\n<li>\n<p>V\u00fdb\u011br spr\u00e1vn\u00e9 trasy: P\u0159edt\u00edm, ne\u017e se vyd\u00e1te na t\u00faru, je dobr\u00e9 se sezn\u00e1mit s r\u016fzn\u00fdmi trasami vedouc\u00edmi na Szrenicu. Vyberte si trasu, kter\u00e1 odpov\u00edd\u00e1 va\u0161im schopnostem a fyzick\u00e9 kondici. Za\u010d\u00e1te\u010dn\u00edk\u016fm se doporu\u010duj\u00ed jednodu\u0161\u0161\u00ed a obl\u00edben\u011bj\u0161\u00ed cesty, zat\u00edmco zku\u0161en\u00ed lezci si mohou vyzkou\u0161et n\u00e1ro\u010dn\u011bj\u0161\u00ed cesty.<\/p>\n<\/li>\n<li>\n<p>Zkontrolujte p\u0159edpov\u011b\u010f po\u010das\u00ed: V hor\u00e1ch je po\u010das\u00ed prom\u011bnliv\u00e9, proto si v\u017edy ov\u011b\u0159te p\u0159edpov\u011b\u010f po\u010das\u00ed na den p\u0159ed v\u00fdpravou. Oble\u010den\u00ed by m\u011blo b\u00fdt vhodn\u011b p\u0159izp\u016fsobeno aktu\u00e1ln\u00edm pov\u011btrnostn\u00edm podm\u00ednk\u00e1m. Nezapome\u0148te, \u017ee i v tepl\u00e9m obdob\u00ed m\u016f\u017ee b\u00fdt na vrcholu chladno a na stezce m\u016f\u017ee doj\u00edt k n\u00e1hl\u00fdm zm\u011bn\u00e1m po\u010das\u00ed.<\/p>\n<\/li>\n<li>\n<p>Vybaven\u00ed a v\u00fdstroj: p\u0159ipravte si pot\u0159ebn\u00e9 vybaven\u00ed pro bezpe\u010dn\u00fd trek. Nezbytn\u00e9 jsou po\u0159\u00e1dn\u00e9 horsk\u00e9 boty, tepl\u00e9 oble\u010den\u00ed, pl\u00e1\u0161t\u011bnka, pokr\u00fdvka hlavy, rukavice a batoh s vodou a z\u00e1sobami. Krom\u011b toho je vhodn\u00e9 m\u00edt s sebou mapu, kompas, sv\u00edtilnu a l\u00e9k\u00e1rni\u010dku.<\/p>\n<\/li>\n<li>\n<p>Nezapome\u0148te na dobrou fyzickou kondici: Zejm\u00e9na pokud pl\u00e1nujete del\u0161\u00ed a n\u00e1ro\u010dn\u011bj\u0161\u00ed trasu, vy\u017eaduje cesta do Szrenici pom\u011brn\u011b dobrou fyzickou kondici. Dbejte p\u0159edem na svou kondici aerobn\u00edmi cviky a posilov\u00e1n\u00edm sval\u016f, abyste se b\u011bhem t\u00fary p\u0159\u00edli\u0161 neunavili.<\/p>\n<\/li>\n<li>\n<p>Voda a z\u00e1soby: P\u0159i p\u011b\u0161\u00ed turistice dbejte na dostate\u010dnou hydrataci, zejm\u00e9na na del\u0161\u00edch tras\u00e1ch. Vezm\u011bte si s sebou dostatek vody a lehk\u00e9, energeticky bohat\u00e9 sva\u010diny, kter\u00e9 v\u00e1m dodaj\u00ed \u017eiviny pot\u0159ebn\u00e9 p\u0159i lezen\u00ed.<\/p>\n<\/li>\n<li>\n<p>Respektujte p\u0159\u00edrodu a dodr\u017eujte bezpe\u010dnostn\u00ed pravidla: B\u011bhem v\u00fdpravy nezapome\u0148te respektovat p\u0159\u00edrodu. Netrhejte rostliny, nenech\u00e1vejte na stezk\u00e1ch odpadky a dr\u017ete se vyzna\u010den\u00fdch tras, abyste nenaru\u0161ili p\u0159\u00edrodn\u00ed ekosyst\u00e9m. P\u0159i t\u00far\u00e1ch se tak\u00e9 \u0159i\u010fte pokyny pr\u016fvodc\u016f a informacemi na tabul\u00edch, abyste byli v bezpe\u010d\u00ed.<\/p>\n<\/li>\n<\/ol>\n\t\t\t\t\t\t\t\t<\/div>\n\t\t\t\t<\/div>\n\t\t\t\t\t<\/div>\n\t\t<\/div>\n\t\t\t\t\t<\/div>\n\t\t<\/section>\n\t\t\t\t<section class=\"elementor-section elementor-top-section elementor-element elementor-element-77ad6ae elementor-section-boxed elementor-section-height-default elementor-section-height-default\" data-id=\"77ad6ae\" data-element_type=\"section\">\n\t\t\t\t\t\t<div class=\"elementor-container elementor-column-gap-default\">\n\t\t\t\t\t<div class=\"elementor-column elementor-col-100 elementor-top-column elementor-element elementor-element-5d142a7\" data-id=\"5d142a7\" data-element_type=\"column\">\n\t\t\t<div class=\"elementor-widget-wrap elementor-element-populated\">\n\t\t\t\t\t\t<div class=\"elementor-element elementor-element-a9eb410 elementor-widget elementor-widget-shortcode\" data-id=\"a9eb410\" data-element_type=\"widget\" data-widget_type=\"shortcode.default\">\n\t\t\t\t<div class=\"elementor-widget-container\">\n\t\t\t\t\t\t\t<div class=\"elementor-shortcode\">\t\t<div data-elementor-type=\"section\" data-elementor-id=\"8265\" class=\"elementor elementor-8265 elementor-7513\" data-elementor-post-type=\"elementor_library\">\n\t\t\t\t\t<section class=\"elementor-section elementor-top-section elementor-element elementor-element-8214074 elementor-section-boxed elementor-section-height-default elementor-section-height-default\" data-id=\"8214074\" data-element_type=\"section\">\n\t\t\t\t\t\t<div class=\"elementor-container elementor-column-gap-default\">\n\t\t\t\t\t<div class=\"elementor-column elementor-col-100 elementor-top-column elementor-element elementor-element-ea844b9\" data-id=\"ea844b9\" data-element_type=\"column\">\n\t\t\t<div class=\"elementor-widget-wrap elementor-element-populated\">\n\t\t\t\t\t\t<div class=\"elementor-element elementor-element-f690958 elementor-widget__width-initial elementor-widget elementor-widget-image\" data-id=\"f690958\" data-element_type=\"widget\" data-widget_type=\"image.default\">\n\t\t\t\t<div class=\"elementor-widget-container\">\n\t\t\t\t\t\t\t\t\t\t\t\t\t\t\t\t<a href=\"https:\/\/fiveseasons.pl\" target=\"_blank\" rel=\"nofollow\">\n\t\t\t\t\t\t\t<img loading=\"lazy\" decoding=\"async\" width=\"2000\" height=\"1010\" src=\"https:\/\/kochamkarkonosze.pl\/wp-content\/uploads\/2024\/07\/FiveSeasons_ads_2024.jpg\" class=\"attachment-full size-full wp-image-7939\" alt=\"\" srcset=\"https:\/\/kochamkarkonosze.pl\/wp-content\/uploads\/2024\/07\/FiveSeasons_ads_2024.jpg 2000w, https:\/\/kochamkarkonosze.pl\/wp-content\/uploads\/2024\/07\/FiveSeasons_ads_2024-300x152.jpg 300w, https:\/\/kochamkarkonosze.pl\/wp-content\/uploads\/2024\/07\/FiveSeasons_ads_2024-1024x517.jpg 1024w, https:\/\/kochamkarkonosze.pl\/wp-content\/uploads\/2024\/07\/FiveSeasons_ads_2024-768x388.jpg 768w, https:\/\/kochamkarkonosze.pl\/wp-content\/uploads\/2024\/07\/FiveSeasons_ads_2024-1536x776.jpg 1536w\" sizes=\"(max-width: 2000px) 100vw, 2000px\" \/>\t\t\t\t\t\t\t\t<\/a>\n\t\t\t\t\t\t\t\t\t\t\t\t\t\t\t<\/div>\n\t\t\t\t<\/div>\n\t\t\t\t\t<\/div>\n\t\t<\/div>\n\t\t\t\t\t<\/div>\n\t\t<\/section>\n\t\t\t\t<\/div>\n\t\t<\/div>\n\t\t\t\t\t\t<\/div>\n\t\t\t\t<\/div>\n\t\t\t\t\t<\/div>\n\t\t<\/div>\n\t\t\t\t\t<\/div>\n\t\t<\/section>\n\t\t\t\t<section class=\"elementor-section elementor-top-section elementor-element elementor-element-e8e9ef4 elementor-section-boxed elementor-section-height-default elementor-section-height-default\" data-id=\"e8e9ef4\" data-element_type=\"section\">\n\t\t\t\t\t\t<div class=\"elementor-container elementor-column-gap-default\">\n\t\t\t\t\t<div class=\"elementor-column elementor-col-100 elementor-top-column elementor-element elementor-element-1226801\" data-id=\"1226801\" data-element_type=\"column\">\n\t\t\t<div class=\"elementor-widget-wrap elementor-element-populated\">\n\t\t\t\t\t\t<div class=\"elementor-element elementor-element-e097e24 elementor-widget__width-auto elementor-invisible elementor-widget elementor-widget-heading\" data-id=\"e097e24\" data-element_type=\"widget\" data-settings=\"{&quot;_animation&quot;:&quot;fadeInUp&quot;}\" data-widget_type=\"heading.default\">\n\t\t\t\t<div class=\"elementor-widget-container\">\n\t\t\t\t\t<h6 class=\"elementor-heading-title elementor-size-default\">nejlep\u0161\u00ed ubytov\u00e1n\u00ed<\/h6>\t\t\t\t<\/div>\n\t\t\t\t<\/div>\n\t\t\t\t<div class=\"elementor-element elementor-element-c4c89ba elementor-invisible elementor-widget elementor-widget-heading\" data-id=\"c4c89ba\" data-element_type=\"widget\" data-settings=\"{&quot;_animation&quot;:&quot;fadeInUp&quot;}\" data-widget_type=\"heading.default\">\n\t\t\t\t<div class=\"elementor-widget-container\">\n\t\t\t\t\t<h1 class=\"elementor-heading-title elementor-size-default\">Pod\u00edvejte se na nejlep\u0161\u00ed ubytov\u00e1n\u00ed<\/h1>\t\t\t\t<\/div>\n\t\t\t\t<\/div>\n\t\t\t\t<div class=\"elementor-element elementor-element-2b04711 elementor-invisible elementor-widget elementor-widget-elementskit-blog-posts\" data-id=\"2b04711\" data-element_type=\"widget\" data-settings=\"{&quot;_animation&quot;:&quot;fadeInUp&quot;}\" data-widget_type=\"elementskit-blog-posts.default\">\n\t\t\t\t<div class=\"elementor-widget-container\">\n\t\t\t\t\t<div class=\"ekit-wid-con\" >        <div id=\"post-items--2b04711\" class=\"row post-items\">\n                    <div class=\"col-lg-4 col-md-6\">\n\n                                    <div class=\"elementskit-post-image-card\">\n                        <div class=\"elementskit-entry-header\">\n                                                            <a href=\"https:\/\/kochamkarkonosze.pl\/cs\/five-seasons-hotel-szklarska-poreba\/\" class=\"elementskit-entry-thumb\">\n                                    <img decoding=\"async\" src=\"https:\/\/kochamkarkonosze.pl\/wp-content\/uploads\/2023\/07\/kocham_karkonosze_five_seasons_hotel-2-768x470.webp\" alt=\"Five Seasons Hotel Szklarska Poreba\">\n                                <\/a><!-- .elementskit-entry-thumb END -->\n                                                            \n                            \n\t\t\t\t\t\t\t\t\t\t\t\t\t<\/div><!-- .elementskit-entry-header END -->\n\n\t\t\t\t\t\t<div class=\"elementskit-post-body \">\n\t\t\t\t\t\t\t\n\t\t\t\t\t\t\t\t\t\t\t\t\t\t\t\t\t\t\t\t\t\t\t\t\t\n\t\t\t\t\t\t\t\t\n\t\t\t\t\t\t\t\t\t\t\t\t\t\t\t\t\t\t\t\t\t<h2 class=\"entry-title\">\n\t\t\t\t\t<a href=\"https:\/\/kochamkarkonosze.pl\/cs\/five-seasons-hotel-szklarska-poreba\/\">\n\t\t\t\t\t\tFive Seasons Hotel Szklarska Poreba\t\t\t\t\t<\/a>\n\t\t\t\t<\/h2>\n\t\t\t\t\t\t\t\t\t\t\t\t\t\t\t\t\t\t\t\t\t\t\t\t\t\t\t\t\t\t\t\t                                                    <\/div><!-- .elementskit-post-body END -->\n                    <\/div>\n                \n            <\/div>\n                    <div class=\"col-lg-4 col-md-6\">\n\n                                    <div class=\"elementskit-post-image-card\">\n                        <div class=\"elementskit-entry-header\">\n                                                            <a href=\"https:\/\/kochamkarkonosze.pl\/cs\/elements-hotel-spa-swieradow-zdroj\/\" class=\"elementskit-entry-thumb\">\n                                    <img decoding=\"async\" src=\"https:\/\/kochamkarkonosze.pl\/wp-content\/uploads\/2023\/07\/kocham_karkonosze_elements_hotel-768x470.webp\" alt=\"Elements Hotel &amp; SPA \u015awierad\u00f3w Zdr\u00f3j\">\n                                <\/a><!-- .elementskit-entry-thumb END -->\n                                                            \n                            \n\t\t\t\t\t\t\t\t\t\t\t\t\t<\/div><!-- .elementskit-entry-header END -->\n\n\t\t\t\t\t\t<div class=\"elementskit-post-body \">\n\t\t\t\t\t\t\t\n\t\t\t\t\t\t\t\t\t\t\t\t\t\t\t\t\t\t\t\t\t\t\t\t\t\n\t\t\t\t\t\t\t\t\n\t\t\t\t\t\t\t\t\t\t\t\t\t\t\t\t\t\t\t\t\t<h2 class=\"entry-title\">\n\t\t\t\t\t<a href=\"https:\/\/kochamkarkonosze.pl\/cs\/elements-hotel-spa-swieradow-zdroj\/\">\n\t\t\t\t\t\tElements Hotel &amp; SPA \u015awierad\u00f3w Zdr\u00f3j\t\t\t\t\t<\/a>\n\t\t\t\t<\/h2>\n\t\t\t\t\t\t\t\t\t\t\t\t\t\t\t\t\t\t\t\t\t\t\t\t\t\t\t\t\t\t\t\t                                                    <\/div><!-- .elementskit-post-body END -->\n                    <\/div>\n                \n            <\/div>\n                    <div class=\"col-lg-4 col-md-6\">\n\n                                    <div class=\"elementskit-post-image-card\">\n                        <div class=\"elementskit-entry-header\">\n                                                            <a href=\"https:\/\/kochamkarkonosze.pl\/cs\/forest-park-hotel-spa-swieradow-zdroj\/\" class=\"elementskit-entry-thumb\">\n                                    <img decoding=\"async\" src=\"https:\/\/kochamkarkonosze.pl\/wp-content\/uploads\/2023\/07\/kocham_karkonosze_forest_park-768x470.png\" alt=\"Forest Park Hotel &amp; SPA \u015awierad\u00f3w-Zdr\u00f3j\">\n                                <\/a><!-- .elementskit-entry-thumb END -->\n                                                            \n                            \n\t\t\t\t\t\t\t\t\t\t\t\t\t<\/div><!-- .elementskit-entry-header END -->\n\n\t\t\t\t\t\t<div class=\"elementskit-post-body \">\n\t\t\t\t\t\t\t\n\t\t\t\t\t\t\t\t\t\t\t\t\t\t\t\t\t\t\t\t\t\t\t\t\t\n\t\t\t\t\t\t\t\t\n\t\t\t\t\t\t\t\t\t\t\t\t\t\t\t\t\t\t\t\t\t<h2 class=\"entry-title\">\n\t\t\t\t\t<a href=\"https:\/\/kochamkarkonosze.pl\/cs\/forest-park-hotel-spa-swieradow-zdroj\/\">\n\t\t\t\t\t\tForest Park Hotel &amp; SPA \u015awierad\u00f3w-Zdr\u00f3j\t\t\t\t\t<\/a>\n\t\t\t\t<\/h2>\n\t\t\t\t\t\t\t\t\t\t\t\t\t\t\t\t\t\t\t\t\t\t\t\t\t\t\t\t\t\t\t\t                                                    <\/div><!-- .elementskit-post-body END -->\n                    <\/div>\n                \n            <\/div>\n                <\/div>\n       <\/div>\t\t\t\t<\/div>\n\t\t\t\t<\/div>\n\t\t\t\t\t<\/div>\n\t\t<\/div>\n\t\t\t\t\t<\/div>\n\t\t<\/section>\n\t\t\t\t<section class=\"elementor-section elementor-top-section elementor-element elementor-element-38548d19 elementor-section-boxed elementor-section-height-default elementor-section-height-default\" data-id=\"38548d19\" data-element_type=\"section\">\n\t\t\t\t\t\t<div class=\"elementor-container elementor-column-gap-default\">\n\t\t\t\t\t<div class=\"elementor-column elementor-col-100 elementor-top-column elementor-element elementor-element-6939b252\" data-id=\"6939b252\" data-element_type=\"column\">\n\t\t\t<div class=\"elementor-widget-wrap elementor-element-populated\">\n\t\t\t\t\t\t<div class=\"elementor-element elementor-element-5aed0444 elementor-widget__width-auto elementor-invisible elementor-widget elementor-widget-heading\" data-id=\"5aed0444\" data-element_type=\"widget\" data-settings=\"{&quot;_animation&quot;:&quot;fadeInUp&quot;}\" data-widget_type=\"heading.default\">\n\t\t\t\t<div class=\"elementor-widget-container\">\n\t\t\t\t\t<h6 class=\"elementor-heading-title elementor-size-default\">mus\u00edte to vid\u011bt<\/h6>\t\t\t\t<\/div>\n\t\t\t\t<\/div>\n\t\t\t\t<div class=\"elementor-element elementor-element-fcf0d06 elementor-invisible elementor-widget elementor-widget-heading\" data-id=\"fcf0d06\" data-element_type=\"widget\" data-settings=\"{&quot;_animation&quot;:&quot;fadeInUp&quot;}\" data-widget_type=\"heading.default\">\n\t\t\t\t<div class=\"elementor-widget-container\">\n\t\t\t\t\t<h1 class=\"elementor-heading-title elementor-size-default\">Objevte dal\u0161\u00ed vrcholy<\/h1>\t\t\t\t<\/div>\n\t\t\t\t<\/div>\n\t\t\t\t<div class=\"elementor-element elementor-element-1cea2dc1 elementor-invisible elementor-widget elementor-widget-elementskit-blog-posts\" data-id=\"1cea2dc1\" data-element_type=\"widget\" data-settings=\"{&quot;_animation&quot;:&quot;fadeInUp&quot;}\" data-widget_type=\"elementskit-blog-posts.default\">\n\t\t\t\t<div class=\"elementor-widget-container\">\n\t\t\t\t\t<div class=\"ekit-wid-con\" >        <div id=\"post-items--1cea2dc1\" class=\"row post-items\">\n                    <div class=\"col-lg-4 col-md-6\">\n\n                                    <div class=\"elementskit-post-image-card\">\n                        <div class=\"elementskit-entry-header\">\n                                                            <a href=\"https:\/\/kochamkarkonosze.pl\/cs\/labsky-vrchol\/\" class=\"elementskit-entry-thumb\">\n                                    <img decoding=\"async\" src=\"https:\/\/kochamkarkonosze.pl\/wp-content\/uploads\/2023\/08\/Labski-Szczyt-768x506.webp\" alt=\"Labsk\u00fd vrchol\">\n                                <\/a><!-- .elementskit-entry-thumb END -->\n                                                            \n                            \n\t\t\t\t\t\t\t\t\t\t\t\t\t<\/div><!-- .elementskit-entry-header END -->\n\n\t\t\t\t\t\t<div class=\"elementskit-post-body \">\n\t\t\t\t\t\t\t\n\t\t\t\t\t\t\t\t\t\t\t\t\t\t\t\t\t\t\t\t\t\t\t\t\t\n\t\t\t\t\t\t\t\t\n\t\t\t\t\t\t\t\t\t\t\t\t\t\t\t\t\t\t\t\t\t<h2 class=\"entry-title\">\n\t\t\t\t\t<a href=\"https:\/\/kochamkarkonosze.pl\/cs\/labsky-vrchol\/\">\n\t\t\t\t\t\tLabsk\u00fd vrchol\t\t\t\t\t<\/a>\n\t\t\t\t<\/h2>\n\t\t\t\t\t\t\t\t\t\t\t\t\t\t\t\t\t\t\t\t\t\t\t\t\t\t\t\t\t\t\t\t                                                    <\/div><!-- .elementskit-post-body END -->\n                    <\/div>\n                \n            <\/div>\n                    <div class=\"col-lg-4 col-md-6\">\n\n                                    <div class=\"elementskit-post-image-card\">\n                        <div class=\"elementskit-entry-header\">\n                                                            <a href=\"https:\/\/kochamkarkonosze.pl\/cs\/zasnezene-kotle\/\" class=\"elementskit-entry-thumb\">\n                                    <img decoding=\"async\" src=\"https:\/\/kochamkarkonosze.pl\/wp-content\/uploads\/2023\/08\/Sniezne-kotly-768x506.webp\" alt=\"Zasn\u011b\u017een\u00e9 kotle\">\n                                <\/a><!-- .elementskit-entry-thumb END -->\n                                                            \n                            \n\t\t\t\t\t\t\t\t\t\t\t\t\t<\/div><!-- .elementskit-entry-header END -->\n\n\t\t\t\t\t\t<div class=\"elementskit-post-body \">\n\t\t\t\t\t\t\t\n\t\t\t\t\t\t\t\t\t\t\t\t\t\t\t\t\t\t\t\t\t\t\t\t\t\n\t\t\t\t\t\t\t\t\n\t\t\t\t\t\t\t\t\t\t\t\t\t\t\t\t\t\t\t\t\t<h2 class=\"entry-title\">\n\t\t\t\t\t<a href=\"https:\/\/kochamkarkonosze.pl\/cs\/zasnezene-kotle\/\">\n\t\t\t\t\t\tZasn\u011b\u017een\u00e9 kotle\t\t\t\t\t<\/a>\n\t\t\t\t<\/h2>\n\t\t\t\t\t\t\t\t\t\t\t\t\t\t\t\t\t\t\t\t\t\t\t\t\t\t\t\t\t\t\t\t                                                    <\/div><!-- .elementskit-post-body END -->\n                    <\/div>\n                \n            <\/div>\n                    <div class=\"col-lg-4 col-md-6\">\n\n                                    <div class=\"elementskit-post-image-card\">\n                        <div class=\"elementskit-entry-header\">\n                                                            <a href=\"https:\/\/kochamkarkonosze.pl\/cs\/szrenica\/\" class=\"elementskit-entry-thumb\">\n                                    <img decoding=\"async\" src=\"https:\/\/kochamkarkonosze.pl\/wp-content\/uploads\/2023\/08\/Szrenica-768x506.webp\" alt=\"Szrenica\">\n                                <\/a><!-- .elementskit-entry-thumb END -->\n                                                            \n                            \n\t\t\t\t\t\t\t\t\t\t\t\t\t<\/div><!-- .elementskit-entry-header END -->\n\n\t\t\t\t\t\t<div class=\"elementskit-post-body \">\n\t\t\t\t\t\t\t\n\t\t\t\t\t\t\t\t\t\t\t\t\t\t\t\t\t\t\t\t\t\t\t\t\t\n\t\t\t\t\t\t\t\t\n\t\t\t\t\t\t\t\t\t\t\t\t\t\t\t\t\t\t\t\t\t<h2 class=\"entry-title\">\n\t\t\t\t\t<a href=\"https:\/\/kochamkarkonosze.pl\/cs\/szrenica\/\">\n\t\t\t\t\t\tSzrenica\t\t\t\t\t<\/a>\n\t\t\t\t<\/h2>\n\t\t\t\t\t\t\t\t\t\t\t\t\t\t\t\t\t\t\t\t\t\t\t\t\t\t\t\t\t\t\t\t                                                    <\/div><!-- .elementskit-post-body END -->\n                    <\/div>\n                \n            <\/div>\n                <\/div>\n       <\/div>\t\t\t\t<\/div>\n\t\t\t\t<\/div>\n\t\t\t\t\t<\/div>\n\t\t<\/div>\n\t\t\t\t\t<\/div>\n\t\t<\/section>\n\t\t\t\t<\/div>\n\t\t","protected":false},"excerpt":{"rendered":"<p>Szrenica je impozantn\u00ed vrchol v Karkonosze, poho\u0159\u00ed na hranic\u00edch mezi Polskem a \u010ceskou republikou. Tato malebn\u00e1 hora, zn\u00e1m\u00e1 svou mimo\u0159\u00e1dnou kr\u00e1sou a majest\u00e1tn\u00edm v\u00fdhledem, l\u00e1k\u00e1 turisty, milovn\u00edky p\u0159\u00edrody i zimn\u00edch sport\u016f. Szrenica je jedn\u00edm z nejnav\u0161t\u011bvovan\u011bj\u0161\u00edch m\u00edst v t\u00e9to \u010d\u00e1sti Evropy. Vrchol Szrenica se ty\u010d\u00ed do v\u00fd\u0161ky 1 362 metr\u016f nad mo\u0159em a je tak [&hellip;]<\/p>\n","protected":false},"author":1,"featured_media":4936,"comment_status":"closed","ping_status":"closed","sticky":false,"template":"","format":"standard","meta":{"footnotes":""},"categories":[67],"tags":[],"class_list":["post-7599","post","type-post","status-publish","format-standard","has-post-thumbnail","hentry","category-vrcholy"],"_links":{"self":[{"href":"https:\/\/kochamkarkonosze.pl\/cs\/wp-json\/wp\/v2\/posts\/7599","targetHints":{"allow":["GET"]}}],"collection":[{"href":"https:\/\/kochamkarkonosze.pl\/cs\/wp-json\/wp\/v2\/posts"}],"about":[{"href":"https:\/\/kochamkarkonosze.pl\/cs\/wp-json\/wp\/v2\/types\/post"}],"author":[{"embeddable":true,"href":"https:\/\/kochamkarkonosze.pl\/cs\/wp-json\/wp\/v2\/users\/1"}],"replies":[{"embeddable":true,"href":"https:\/\/kochamkarkonosze.pl\/cs\/wp-json\/wp\/v2\/comments?post=7599"}],"version-history":[{"count":2,"href":"https:\/\/kochamkarkonosze.pl\/cs\/wp-json\/wp\/v2\/posts\/7599\/revisions"}],"predecessor-version":[{"id":8298,"href":"https:\/\/kochamkarkonosze.pl\/cs\/wp-json\/wp\/v2\/posts\/7599\/revisions\/8298"}],"wp:featuredmedia":[{"embeddable":true,"href":"https:\/\/kochamkarkonosze.pl\/cs\/wp-json\/wp\/v2\/media\/4936"}],"wp:attachment":[{"href":"https:\/\/kochamkarkonosze.pl\/cs\/wp-json\/wp\/v2\/media?parent=7599"}],"wp:term":[{"taxonomy":"category","embeddable":true,"href":"https:\/\/kochamkarkonosze.pl\/cs\/wp-json\/wp\/v2\/categories?post=7599"},{"taxonomy":"post_tag","embeddable":true,"href":"https:\/\/kochamkarkonosze.pl\/cs\/wp-json\/wp\/v2\/tags?post=7599"}],"curies":[{"name":"wp","href":"https:\/\/api.w.org\/{rel}","templated":true}]}}