{"id":7686,"date":"2023-07-30T17:26:16","date_gmt":"2023-07-30T17:26:16","guid":{"rendered":"https:\/\/kochamkarkonosze.pl\/penkavci-vrch\/"},"modified":"2024-07-19T13:47:50","modified_gmt":"2024-07-19T13:47:50","slug":"penkavci-vrch","status":"publish","type":"post","link":"https:\/\/kochamkarkonosze.pl\/cs\/penkavci-vrch\/","title":{"rendered":"P\u011bnkav\u010d\u00ed vrch"},"content":{"rendered":"\t\t<div data-elementor-type=\"wp-post\" data-elementor-id=\"7686\" class=\"elementor elementor-7686 elementor-2294\" data-elementor-post-type=\"post\">\n\t\t\t\t\t\t<section class=\"elementor-section elementor-top-section elementor-element elementor-element-4f172c24 elementor-section-height-min-height elementor-section-boxed elementor-section-height-default elementor-section-items-middle elementor-invisible\" data-id=\"4f172c24\" data-element_type=\"section\" data-settings=\"{&quot;background_background&quot;:&quot;classic&quot;,&quot;animation&quot;:&quot;fadeIn&quot;}\">\n\t\t\t\t\t\t\t<div class=\"elementor-background-overlay\"><\/div>\n\t\t\t\t\t\t\t<div class=\"elementor-container elementor-column-gap-default\">\n\t\t\t\t\t<div class=\"elementor-column elementor-col-100 elementor-top-column elementor-element elementor-element-6d904623\" data-id=\"6d904623\" data-element_type=\"column\">\n\t\t\t<div class=\"elementor-widget-wrap elementor-element-populated\">\n\t\t\t\t\t\t<div class=\"elementor-element elementor-element-e26fda9 elementor-invisible elementor-widget elementor-widget-heading\" data-id=\"e26fda9\" data-element_type=\"widget\" data-settings=\"{&quot;_animation&quot;:&quot;fadeInUp&quot;}\" data-widget_type=\"heading.default\">\n\t\t\t\t<div class=\"elementor-widget-container\">\n\t\t\t\t\t<h1 class=\"elementor-heading-title elementor-size-default\">P\u011bnkav\u010d\u00ed vrch<\/h1>\t\t\t\t<\/div>\n\t\t\t\t<\/div>\n\t\t\t\t\t<\/div>\n\t\t<\/div>\n\t\t\t\t\t<\/div>\n\t\t<\/section>\n\t\t\t\t<section class=\"elementor-section elementor-top-section elementor-element elementor-element-596b861 elementor-section-boxed elementor-section-height-default elementor-section-height-default\" data-id=\"596b861\" data-element_type=\"section\">\n\t\t\t\t\t\t<div class=\"elementor-container elementor-column-gap-default\">\n\t\t\t\t\t<div class=\"elementor-column elementor-col-100 elementor-top-column elementor-element elementor-element-b4ae46e\" data-id=\"b4ae46e\" data-element_type=\"column\">\n\t\t\t<div class=\"elementor-widget-wrap elementor-element-populated\">\n\t\t\t\t\t\t<div class=\"elementor-element elementor-element-ad53640 elementor-invisible elementor-widget elementor-widget-heading\" data-id=\"ad53640\" data-element_type=\"widget\" data-settings=\"{&quot;_animation&quot;:&quot;fadeInUp&quot;}\" data-widget_type=\"heading.default\">\n\t\t\t\t<div class=\"elementor-widget-container\">\n\t\t\t\t\t<h1 class=\"elementor-heading-title elementor-size-default\">P\u011bnkav\u010d\u00ed vrch  - Atrakce Pece pod Sn\u011b\u017ekou<\/h1>\t\t\t\t<\/div>\n\t\t\t\t<\/div>\n\t\t\t\t<div class=\"elementor-element elementor-element-f41eefe elementor-drop-cap-yes elementor-drop-cap-view-default elementor-invisible elementor-widget elementor-widget-text-editor\" data-id=\"f41eefe\" data-element_type=\"widget\" data-settings=\"{&quot;_animation&quot;:&quot;fadeInUp&quot;,&quot;drop_cap&quot;:&quot;yes&quot;}\" data-widget_type=\"text-editor.default\">\n\t\t\t\t<div class=\"elementor-widget-container\">\n\t\t\t\t\t\t\t\t\t<p>P\u011bnkav\u010d\u00ed vrch, kter\u00fd se nach\u00e1z\u00ed v p\u016fvabn\u00e9m m\u011bste\u010dku Pec pod Sn\u011b\u017ekou, je atrakc\u00ed, kter\u00e1 l\u00e1k\u00e1 n\u00e1v\u0161t\u011bvn\u00edky sv\u00fdm malebn\u00fdm okol\u00edm a jedine\u010dn\u00fdmi p\u0159\u00edrodn\u00edmi prvky. Je ide\u00e1ln\u00edm m\u00edstem pro milovn\u00edky horsk\u00e9 turistiky, kte\u0159\u00ed ocen\u00ed kontakt s p\u0159\u00edrodou a kr\u00e1sn\u00e9 v\u00fdhledy na okoln\u00ed vrcholy a \u00fadol\u00ed.<\/p>\n\t\t\t\t\t\t\t\t<\/div>\n\t\t\t\t<\/div>\n\t\t\t\t<div class=\"elementor-element elementor-element-2137215 elementor-widget elementor-widget-shortcode\" data-id=\"2137215\" data-element_type=\"widget\" data-widget_type=\"shortcode.default\">\n\t\t\t\t<div class=\"elementor-widget-container\">\n\t\t\t\t\t\t\t<div class=\"elementor-shortcode\">\t\t<div data-elementor-type=\"section\" data-elementor-id=\"7528\" class=\"elementor elementor-7528 elementor-2441\" data-elementor-post-type=\"elementor_library\">\n\t\t\t\t\t<section class=\"elementor-section elementor-top-section elementor-element elementor-element-8214074 elementor-section-boxed elementor-section-height-default elementor-section-height-default\" data-id=\"8214074\" data-element_type=\"section\">\n\t\t\t\t\t\t<div class=\"elementor-container elementor-column-gap-default\">\n\t\t\t\t\t<div class=\"elementor-column elementor-col-100 elementor-top-column elementor-element elementor-element-ea844b9\" data-id=\"ea844b9\" data-element_type=\"column\">\n\t\t\t<div class=\"elementor-widget-wrap elementor-element-populated\">\n\t\t\t\t\t\t<div class=\"elementor-element elementor-element-f690958 elementor-widget elementor-widget-image\" data-id=\"f690958\" data-element_type=\"widget\" data-widget_type=\"image.default\">\n\t\t\t\t<div class=\"elementor-widget-container\">\n\t\t\t\t\t\t\t\t\t\t\t\t\t\t\t\t<a href=\"https:\/\/blue-mountain-resort.pl\" target=\"_blank\" rel=\"nofollow\">\n\t\t\t\t\t\t\t<img fetchpriority=\"high\" decoding=\"async\" width=\"2248\" height=\"922\" src=\"https:\/\/kochamkarkonosze.pl\/wp-content\/uploads\/2023\/07\/2.png\" class=\"attachment-full size-full wp-image-8387\" alt=\"\" srcset=\"https:\/\/kochamkarkonosze.pl\/wp-content\/uploads\/2023\/07\/2.png 2248w, https:\/\/kochamkarkonosze.pl\/wp-content\/uploads\/2023\/07\/2-300x123.png 300w, https:\/\/kochamkarkonosze.pl\/wp-content\/uploads\/2023\/07\/2-1024x420.png 1024w, https:\/\/kochamkarkonosze.pl\/wp-content\/uploads\/2023\/07\/2-768x315.png 768w, https:\/\/kochamkarkonosze.pl\/wp-content\/uploads\/2023\/07\/2-1536x630.png 1536w, https:\/\/kochamkarkonosze.pl\/wp-content\/uploads\/2023\/07\/2-2048x840.png 2048w\" sizes=\"(max-width: 2248px) 100vw, 2248px\" \/>\t\t\t\t\t\t\t\t<\/a>\n\t\t\t\t\t\t\t\t\t\t\t\t\t\t\t<\/div>\n\t\t\t\t<\/div>\n\t\t\t\t\t<\/div>\n\t\t<\/div>\n\t\t\t\t\t<\/div>\n\t\t<\/section>\n\t\t\t\t<\/div>\n\t\t<\/div>\n\t\t\t\t\t\t<\/div>\n\t\t\t\t<\/div>\n\t\t\t\t\t<\/div>\n\t\t<\/div>\n\t\t\t\t\t<\/div>\n\t\t<\/section>\n\t\t\t\t<section class=\"elementor-section elementor-top-section elementor-element elementor-element-8ea1849 elementor-section-boxed elementor-section-height-default elementor-section-height-default\" data-id=\"8ea1849\" data-element_type=\"section\">\n\t\t\t\t\t\t<div class=\"elementor-container elementor-column-gap-default\">\n\t\t\t\t\t<div class=\"elementor-column elementor-col-50 elementor-top-column elementor-element elementor-element-3676715\" data-id=\"3676715\" data-element_type=\"column\">\n\t\t\t<div class=\"elementor-widget-wrap elementor-element-populated\">\n\t\t\t\t\t\t<div class=\"elementor-element elementor-element-72afd3e8 elementor-drop-cap-yes elementor-drop-cap-view-default elementor-invisible elementor-widget elementor-widget-text-editor\" data-id=\"72afd3e8\" data-element_type=\"widget\" data-settings=\"{&quot;_animation&quot;:&quot;fadeInUp&quot;,&quot;drop_cap&quot;:&quot;yes&quot;}\" data-widget_type=\"text-editor.default\">\n\t\t\t\t<div class=\"elementor-widget-container\">\n\t\t\t\t\t\t\t\t\t<p>P\u011bnkav\u010d\u00ed hora je zn\u00e1m\u00e1 mnoha kr\u00e1sn\u00fdmi turistick\u00fdmi stezkami vedouc\u00edmi po zalesn\u011bn\u00fdch svaz\u00edch a n\u00e1dhern\u00fdmi scen\u00e9riemi Krkono\u0161. Je to ide\u00e1ln\u00ed m\u00edsto pro aktivn\u00ed dovolenou, a\u0165 u\u017e jste zku\u0161en\u00ed hor\u0161t\u00ed turist\u00e9, nebo si u\u017e\u00edv\u00e1te pohodov\u00e9 proch\u00e1zky uprost\u0159ed p\u0159\u00edrody.<\/p>\n<p>Jednou z nejobl\u00edben\u011bj\u0161\u00edch tras na P\u011bnkav\u010d\u00ed vrch je \u010derven\u00e1 stezka, kter\u00e1 za\u010d\u00edn\u00e1 v Peci pod Sn\u011b\u017ekou a vede bujn\u00fdmi lesy a loukami a\u017e na vrchol hory. V\u00fdhledy, kter\u00e9 se z t\u00e9to stezky nask\u00fdtaj\u00ed, jsou opravdu \u00fachvatn\u00e9. Rozs\u00e1hl\u00e1 panoramata krkono\u0161sk\u00fdch vrchol\u016f, louky jisk\u0159\u00edc\u00ed ve slunci a malebn\u00e1 \u00fadol\u00ed d\u011blaj\u00ed z ka\u017ed\u00e9 t\u00fary nezapomenuteln\u00fd z\u00e1\u017eitek.<\/p>\n<p>Na vrcholu P\u011bnkav\u010d\u00edho vrchu se nach\u00e1z\u00ed vyhl\u00eddka, odkud m\u016f\u017eete obdivovat krajinu rozprost\u00edraj\u00edc\u00ed se p\u0159ed v\u00e1mi. Je to ide\u00e1ln\u00ed m\u00edsto pro po\u0159\u00edzen\u00ed vzpom\u00ednkov\u00fdch fotografi\u00ed, kter\u00e9 pot\u011b\u0161\u00ed n\u00e1s i na\u0161e bl\u00edzk\u00e9. \u010cist\u00fd vzduch, klid a pohoda p\u0159isp\u00edvaj\u00ed k rozj\u00edm\u00e1n\u00ed a relaxaci a umo\u017e\u0148uj\u00ed n\u00e1m odpoutat se od ka\u017edodenn\u00edch starost\u00ed a pono\u0159it se do kr\u00e1sy p\u0159\u00edrody.<\/p>\n<p>P\u011bnkav\u010d\u00ed vrch je tak\u00e9 vynikaj\u00edc\u00edm m\u00edstem pro pozorov\u00e1n\u00ed pt\u00e1k\u016f. V oblasti se vyskytuje mnoho druh\u016f pt\u00e1k\u016f, v\u010detn\u011b r\u016fzn\u00fdch druh\u016f datl\u016f, s\u00fdkor, brhl\u00edk\u016f a dokonce i orl\u016f. Pro milovn\u00edky ornitologie a fotografov\u00e1n\u00ed p\u0159\u00edrody je to opravdov\u00fd r\u00e1j.<\/p>\n<p>Na podzim je P\u011bnkav\u010d\u00ed vrch je\u0161t\u011b malebn\u011bj\u0161\u00ed, kdy\u017e se listy strom\u016f zbarv\u00ed do \u010dervena, oran\u017eova a zlata. Proch\u00e1zka po m\u00edstn\u00edch stezk\u00e1ch uprost\u0159ed t\u00e9to palety barev je nesm\u00edrn\u011b uvol\u0148uj\u00edc\u00ed a inspiruj\u00edc\u00ed.<\/p>\n\t\t\t\t\t\t\t\t<\/div>\n\t\t\t\t<\/div>\n\t\t\t\t<div class=\"elementor-element elementor-element-05f56e1 elementor-widget elementor-widget-shortcode\" data-id=\"05f56e1\" data-element_type=\"widget\" data-widget_type=\"shortcode.default\">\n\t\t\t\t<div class=\"elementor-widget-container\">\n\t\t\t\t\t\t\t<div class=\"elementor-shortcode\">\t\t<div data-elementor-type=\"section\" data-elementor-id=\"8237\" class=\"elementor elementor-8237 elementor-2447\" data-elementor-post-type=\"elementor_library\">\n\t\t\t\t\t<section class=\"elementor-section elementor-top-section elementor-element elementor-element-8214074 elementor-section-boxed elementor-section-height-default elementor-section-height-default\" data-id=\"8214074\" data-element_type=\"section\">\n\t\t\t\t\t\t<div class=\"elementor-container elementor-column-gap-default\">\n\t\t\t\t\t<div class=\"elementor-column elementor-col-100 elementor-top-column elementor-element elementor-element-ea844b9\" data-id=\"ea844b9\" data-element_type=\"column\">\n\t\t\t<div class=\"elementor-widget-wrap elementor-element-populated\">\n\t\t\t\t\t\t<div class=\"elementor-element elementor-element-f690958 elementor-widget elementor-widget-image\" data-id=\"f690958\" data-element_type=\"widget\" data-widget_type=\"image.default\">\n\t\t\t\t<div class=\"elementor-widget-container\">\n\t\t\t\t\t\t\t\t\t\t\t\t\t\t\t\t<a href=\"https:\/\/blue-mountain-resort.pl\" target=\"_blank\" rel=\"nofollow\">\n\t\t\t\t\t\t\t<img decoding=\"async\" width=\"2248\" height=\"922\" src=\"https:\/\/kochamkarkonosze.pl\/wp-content\/uploads\/2023\/07\/1.png\" class=\"attachment-full size-full wp-image-8383\" alt=\"\" srcset=\"https:\/\/kochamkarkonosze.pl\/wp-content\/uploads\/2023\/07\/1.png 2248w, https:\/\/kochamkarkonosze.pl\/wp-content\/uploads\/2023\/07\/1-300x123.png 300w, https:\/\/kochamkarkonosze.pl\/wp-content\/uploads\/2023\/07\/1-1024x420.png 1024w, https:\/\/kochamkarkonosze.pl\/wp-content\/uploads\/2023\/07\/1-768x315.png 768w, https:\/\/kochamkarkonosze.pl\/wp-content\/uploads\/2023\/07\/1-1536x630.png 1536w, https:\/\/kochamkarkonosze.pl\/wp-content\/uploads\/2023\/07\/1-2048x840.png 2048w\" sizes=\"(max-width: 2248px) 100vw, 2248px\" \/>\t\t\t\t\t\t\t\t<\/a>\n\t\t\t\t\t\t\t\t\t\t\t\t\t\t\t<\/div>\n\t\t\t\t<\/div>\n\t\t\t\t\t<\/div>\n\t\t<\/div>\n\t\t\t\t\t<\/div>\n\t\t<\/section>\n\t\t\t\t<\/div>\n\t\t<\/div>\n\t\t\t\t\t\t<\/div>\n\t\t\t\t<\/div>\n\t\t\t\t<div class=\"elementor-element elementor-element-023511b elementor-drop-cap-yes elementor-drop-cap-view-default elementor-invisible elementor-widget elementor-widget-text-editor\" data-id=\"023511b\" data-element_type=\"widget\" data-settings=\"{&quot;_animation&quot;:&quot;fadeInUp&quot;,&quot;drop_cap&quot;:&quot;yes&quot;}\" data-widget_type=\"text-editor.default\">\n\t\t\t\t<div class=\"elementor-widget-container\">\n\t\t\t\t\t\t\t\t\t<p>Nejen p\u011b\u0161\u00ed turistika l\u00e1k\u00e1 n\u00e1v\u0161t\u011bvn\u00edky na P\u011bnkav\u010d\u00ed vrch. V zim\u011b se are\u00e1l prom\u011bn\u00ed v r\u00e1j ly\u017ea\u0159\u016f a snowboardist\u016f. V oblasti se nach\u00e1zej\u00ed sjezdovky r\u016fzn\u00fdch stup\u0148\u016f obt\u00ed\u017enosti a tak\u00e9 ly\u017ea\u0159sk\u00e9 \u0161koly, kde se m\u016f\u017eete nau\u010dit z\u00e1klady zimn\u00edch sport\u016f.<\/p>\n<p>Pro milovn\u00edky extr\u00e9mn\u00edch z\u00e1\u017eitk\u016f nab\u00edz\u00ed P\u011bnkav\u010d\u00ed vrch mo\u017enost let\u016f paraglidingem. Z pta\u010d\u00ed perspektivy si m\u016f\u017eeme vychutnat kr\u00e1su horsk\u00e9 krajiny a p\u0159i pohledu shora se c\u00edtit jako filmov\u00e1 postava.<\/p>\n<p>Za zm\u00ednku stoj\u00ed tak\u00e9 m\u00edstn\u00ed gastronomie. Na P\u011bnkav\u010d\u00edm vrchu se nach\u00e1z\u00ed chata, kde si m\u016f\u017eete pochutnat na tradi\u010dn\u00edch \u010desk\u00fdch j\u00eddlech a krajov\u00fdch specialit\u00e1ch, jako je sma\u017een\u00fd s\u00fdr, kyselo nebo brusinkov\u00e9 knedl\u00edky.<\/p>\n<p>P\u011bnkav\u010d\u00ed vrch je m\u00edsto, kter\u00e9 v\u00e1s okouzl\u00ed sv\u00fdm p\u016fvabem v ka\u017ed\u00e9m ro\u010dn\u00edm obdob\u00ed. A\u0165 u\u017e je ro\u010dn\u00ed obdob\u00ed jak\u00e9koliv, stoj\u00ed za to ho nav\u0161t\u00edvit a vychutnat si kr\u00e1su p\u0159\u00edrody, aktivn\u011b str\u00e1vit \u010das a nad\u00fdchat se \u010derstv\u00e9ho horsk\u00e9ho vzduchu. Je to atrakce, kter\u00e1 z\u016fstane nav\u017edy v pam\u011bti a st\u00e1le l\u00e1k\u00e1 turisty, kte\u0159\u00ed hledaj\u00ed jedine\u010dn\u00e9 z\u00e1\u017eitky a nezapomenuteln\u00e9 chv\u00edle uprost\u0159ed p\u0159\u00edrody.<\/p>\n\t\t\t\t\t\t\t\t<\/div>\n\t\t\t\t<\/div>\n\t\t\t\t\t<\/div>\n\t\t<\/div>\n\t\t\t\t<div class=\"elementor-column elementor-col-50 elementor-top-column elementor-element elementor-element-0237fb2\" data-id=\"0237fb2\" data-element_type=\"column\">\n\t\t\t<div class=\"elementor-widget-wrap elementor-element-populated\">\n\t\t\t\t\t\t<div class=\"elementor-element elementor-element-2f595060 elementor-widget__width-initial elementor-widget-mobile__width-inherit elementor-icon-list--layout-traditional elementor-list-item-link-full_width elementor-invisible elementor-widget elementor-widget-icon-list\" data-id=\"2f595060\" data-element_type=\"widget\" data-settings=\"{&quot;_animation&quot;:&quot;fadeInUp&quot;}\" data-widget_type=\"icon-list.default\">\n\t\t\t\t<div class=\"elementor-widget-container\">\n\t\t\t\t\t\t\t<ul class=\"elementor-icon-list-items\">\n\t\t\t\t\t\t\t<li class=\"elementor-icon-list-item\">\n\t\t\t\t\t\t\t\t\t\t\t<span class=\"elementor-icon-list-icon\">\n\t\t\t\t\t\t\t<i aria-hidden=\"true\" class=\"icon icon-check\"><\/i>\t\t\t\t\t\t<\/span>\n\t\t\t\t\t\t\t\t\t\t<span class=\"elementor-icon-list-text\">Kr\u00e1sn\u00e9 v\u00fdhledy<\/span>\n\t\t\t\t\t\t\t\t\t<\/li>\n\t\t\t\t\t\t\t\t<li class=\"elementor-icon-list-item\">\n\t\t\t\t\t\t\t\t\t\t\t<span class=\"elementor-icon-list-icon\">\n\t\t\t\t\t\t\t<i aria-hidden=\"true\" class=\"icon icon-check\"><\/i>\t\t\t\t\t\t<\/span>\n\t\t\t\t\t\t\t\t\t\t<span class=\"elementor-icon-list-text\">Vynikaj\u00edc\u00ed turistick\u00e9 stezky<\/span>\n\t\t\t\t\t\t\t\t\t<\/li>\n\t\t\t\t\t\t\t\t<li class=\"elementor-icon-list-item\">\n\t\t\t\t\t\t\t\t\t\t\t<span class=\"elementor-icon-list-icon\">\n\t\t\t\t\t\t\t<i aria-hidden=\"true\" class=\"icon icon-check\"><\/i>\t\t\t\t\t\t<\/span>\n\t\t\t\t\t\t\t\t\t\t<span class=\"elementor-icon-list-text\">Pozorov\u00e1n\u00ed pt\u00e1k\u016f<\/span>\n\t\t\t\t\t\t\t\t\t<\/li>\n\t\t\t\t\t\t<\/ul>\n\t\t\t\t\t\t<\/div>\n\t\t\t\t<\/div>\n\t\t\t\t<div class=\"elementor-element elementor-element-47eae102 elementor-widget__width-initial elementor-widget-mobile__width-inherit elementor-icon-list--layout-traditional elementor-list-item-link-full_width elementor-invisible elementor-widget elementor-widget-icon-list\" data-id=\"47eae102\" data-element_type=\"widget\" data-settings=\"{&quot;_animation&quot;:&quot;fadeInUp&quot;}\" data-widget_type=\"icon-list.default\">\n\t\t\t\t<div class=\"elementor-widget-container\">\n\t\t\t\t\t\t\t<ul class=\"elementor-icon-list-items\">\n\t\t\t\t\t\t\t<li class=\"elementor-icon-list-item\">\n\t\t\t\t\t\t\t\t\t\t\t<span class=\"elementor-icon-list-icon\">\n\t\t\t\t\t\t\t<i aria-hidden=\"true\" class=\"icon icon-check\"><\/i>\t\t\t\t\t\t<\/span>\n\t\t\t\t\t\t\t\t\t\t<span class=\"elementor-icon-list-text\">Malebn\u00fd podzim<\/span>\n\t\t\t\t\t\t\t\t\t<\/li>\n\t\t\t\t\t\t\t\t<li class=\"elementor-icon-list-item\">\n\t\t\t\t\t\t\t\t\t\t\t<span class=\"elementor-icon-list-icon\">\n\t\t\t\t\t\t\t<i aria-hidden=\"true\" class=\"icon icon-check\"><\/i>\t\t\t\t\t\t<\/span>\n\t\t\t\t\t\t\t\t\t\t<span class=\"elementor-icon-list-text\">Zimn\u00ed sporty<\/span>\n\t\t\t\t\t\t\t\t\t<\/li>\n\t\t\t\t\t\t\t\t<li class=\"elementor-icon-list-item\">\n\t\t\t\t\t\t\t\t\t\t\t<span class=\"elementor-icon-list-icon\">\n\t\t\t\t\t\t\t<i aria-hidden=\"true\" class=\"icon icon-check\"><\/i>\t\t\t\t\t\t<\/span>\n\t\t\t\t\t\t\t\t\t\t<span class=\"elementor-icon-list-text\">Lety paraglidingem<\/span>\n\t\t\t\t\t\t\t\t\t<\/li>\n\t\t\t\t\t\t<\/ul>\n\t\t\t\t\t\t<\/div>\n\t\t\t\t<\/div>\n\t\t\t\t<div class=\"elementor-element elementor-element-fb687df elementor-widget elementor-widget-image\" data-id=\"fb687df\" data-element_type=\"widget\" data-widget_type=\"image.default\">\n\t\t\t\t<div class=\"elementor-widget-container\">\n\t\t\t\t\t\t\t\t\t\t\t\t\t\t\t<img decoding=\"async\" width=\"800\" height=\"418\" src=\"https:\/\/kochamkarkonosze.pl\/wp-content\/uploads\/2023\/08\/Pec_pod-Snezkou_penkavci_vrch-1024x535.webp\" class=\"attachment-large size-large wp-image-4870\" alt=\"Pec pod Snezkou penkavci vrch e1690893476865\" \/>\t\t\t\t\t\t\t\t\t\t\t\t\t\t\t<\/div>\n\t\t\t\t<\/div>\n\t\t\t\t<div class=\"elementor-element elementor-element-57dcfa8 elementor-invisible elementor-widget elementor-widget-heading\" data-id=\"57dcfa8\" data-element_type=\"widget\" data-settings=\"{&quot;_animation&quot;:&quot;fadeInUp&quot;}\" data-widget_type=\"heading.default\">\n\t\t\t\t<div class=\"elementor-widget-container\">\n\t\t\t\t\t<h4 class=\"elementor-heading-title elementor-size-default\">P\u011bnkav\u010d\u00ed vrch na map\u011b<\/h4>\t\t\t\t<\/div>\n\t\t\t\t<\/div>\n\t\t\t\t<div class=\"elementor-element elementor-element-2f320fb elementor-widget elementor-widget-html\" data-id=\"2f320fb\" data-element_type=\"widget\" data-widget_type=\"html.default\">\n\t\t\t\t<div class=\"elementor-widget-container\">\n\t\t\t\t\t<iframe src=\"https:\/\/www.google.com\/maps\/embed?pb=!1m18!1m12!1m3!1d10108.056239076797!2d15.774144278173077!3d50.70112363686093!2m3!1f0!2f0!3f0!3m2!1i1024!2i768!4f13.1!3m3!1m2!1s0x470eeea28ce0ab23%3A0x7c10f5b470d68c9d!2zUMSbbmthdsSNw60gdnJjaA!5e0!3m2!1spl!2spl!4v1690738016775!5m2!1spl!2spl\" width=\"600\" height=\"450\" style=\"border:0;\" allowfullscreen=\"\" loading=\"lazy\" referrerpolicy=\"no-referrer-when-downgrade\"><\/iframe>\n\t\t\t\t<\/div>\n\t\t\t\t<\/div>\n\t\t\t\t\t<\/div>\n\t\t<\/div>\n\t\t\t\t\t<\/div>\n\t\t<\/section>\n\t\t\t\t<section class=\"elementor-section elementor-top-section elementor-element elementor-element-e8e9ef4 elementor-section-boxed elementor-section-height-default elementor-section-height-default\" data-id=\"e8e9ef4\" data-element_type=\"section\">\n\t\t\t\t\t\t<div class=\"elementor-container elementor-column-gap-default\">\n\t\t\t\t\t<div class=\"elementor-column elementor-col-100 elementor-top-column elementor-element elementor-element-1226801\" data-id=\"1226801\" data-element_type=\"column\">\n\t\t\t<div class=\"elementor-widget-wrap elementor-element-populated\">\n\t\t\t\t\t\t<div class=\"elementor-element elementor-element-e097e24 elementor-widget__width-auto elementor-invisible elementor-widget elementor-widget-heading\" data-id=\"e097e24\" data-element_type=\"widget\" data-settings=\"{&quot;_animation&quot;:&quot;fadeInUp&quot;}\" data-widget_type=\"heading.default\">\n\t\t\t\t<div class=\"elementor-widget-container\">\n\t\t\t\t\t<h6 class=\"elementor-heading-title elementor-size-default\">nejlep\u0161\u00ed ubytov\u00e1n\u00ed<\/h6>\t\t\t\t<\/div>\n\t\t\t\t<\/div>\n\t\t\t\t<div class=\"elementor-element elementor-element-c4c89ba elementor-invisible elementor-widget elementor-widget-heading\" data-id=\"c4c89ba\" data-element_type=\"widget\" data-settings=\"{&quot;_animation&quot;:&quot;fadeInUp&quot;}\" data-widget_type=\"heading.default\">\n\t\t\t\t<div class=\"elementor-widget-container\">\n\t\t\t\t\t<h1 class=\"elementor-heading-title elementor-size-default\">Pod\u00edvejte se na nejlep\u0161\u00ed ubytov\u00e1n\u00ed<\/h1>\t\t\t\t<\/div>\n\t\t\t\t<\/div>\n\t\t\t\t<div class=\"elementor-element elementor-element-2b04711 elementor-invisible elementor-widget elementor-widget-elementskit-blog-posts\" data-id=\"2b04711\" data-element_type=\"widget\" data-settings=\"{&quot;_animation&quot;:&quot;fadeInUp&quot;}\" data-widget_type=\"elementskit-blog-posts.default\">\n\t\t\t\t<div class=\"elementor-widget-container\">\n\t\t\t\t\t<div class=\"ekit-wid-con\" >        <div id=\"post-items--2b04711\" class=\"row post-items\">\n                    <div class=\"col-lg-4 col-md-6\">\n\n                                    <div class=\"elementskit-post-image-card\">\n                        <div class=\"elementskit-entry-header\">\n                                                            <a href=\"https:\/\/kochamkarkonosze.pl\/cs\/five-seasons-hotel-szklarska-poreba\/\" class=\"elementskit-entry-thumb\">\n                                    <img decoding=\"async\" src=\"https:\/\/kochamkarkonosze.pl\/wp-content\/uploads\/2023\/07\/kocham_karkonosze_five_seasons_hotel-2-768x470.webp\" alt=\"Five Seasons Hotel Szklarska Poreba\">\n                                <\/a><!-- .elementskit-entry-thumb END -->\n                                                            \n                            \n\t\t\t\t\t\t\t\t\t\t\t\t\t<\/div><!-- .elementskit-entry-header END -->\n\n\t\t\t\t\t\t<div class=\"elementskit-post-body \">\n\t\t\t\t\t\t\t\n\t\t\t\t\t\t\t\t\t\t\t\t\t\t\t\t\t\t\t\t\t\t\t\t\t\n\t\t\t\t\t\t\t\t\n\t\t\t\t\t\t\t\t\t\t\t\t\t\t\t\t\t\t\t\t\t<h2 class=\"entry-title\">\n\t\t\t\t\t<a href=\"https:\/\/kochamkarkonosze.pl\/cs\/five-seasons-hotel-szklarska-poreba\/\">\n\t\t\t\t\t\tFive Seasons Hotel Szklarska Poreba\t\t\t\t\t<\/a>\n\t\t\t\t<\/h2>\n\t\t\t\t\t\t\t\t\t\t\t\t\t\t\t\t\t\t\t\t\t\t\t\t\t\t\t\t\t\t\t\t                                                    <\/div><!-- .elementskit-post-body END -->\n                    <\/div>\n                \n            <\/div>\n                    <div class=\"col-lg-4 col-md-6\">\n\n                                    <div class=\"elementskit-post-image-card\">\n                        <div class=\"elementskit-entry-header\">\n                                                            <a href=\"https:\/\/kochamkarkonosze.pl\/cs\/elements-hotel-spa-swieradow-zdroj\/\" class=\"elementskit-entry-thumb\">\n                                    <img decoding=\"async\" src=\"https:\/\/kochamkarkonosze.pl\/wp-content\/uploads\/2023\/07\/kocham_karkonosze_elements_hotel-768x470.webp\" alt=\"Elements Hotel &amp; SPA \u015awierad\u00f3w Zdr\u00f3j\">\n                                <\/a><!-- .elementskit-entry-thumb END -->\n                                                            \n                            \n\t\t\t\t\t\t\t\t\t\t\t\t\t<\/div><!-- .elementskit-entry-header END -->\n\n\t\t\t\t\t\t<div class=\"elementskit-post-body \">\n\t\t\t\t\t\t\t\n\t\t\t\t\t\t\t\t\t\t\t\t\t\t\t\t\t\t\t\t\t\t\t\t\t\n\t\t\t\t\t\t\t\t\n\t\t\t\t\t\t\t\t\t\t\t\t\t\t\t\t\t\t\t\t\t<h2 class=\"entry-title\">\n\t\t\t\t\t<a href=\"https:\/\/kochamkarkonosze.pl\/cs\/elements-hotel-spa-swieradow-zdroj\/\">\n\t\t\t\t\t\tElements Hotel &amp; SPA \u015awierad\u00f3w Zdr\u00f3j\t\t\t\t\t<\/a>\n\t\t\t\t<\/h2>\n\t\t\t\t\t\t\t\t\t\t\t\t\t\t\t\t\t\t\t\t\t\t\t\t\t\t\t\t\t\t\t\t                                                    <\/div><!-- .elementskit-post-body END -->\n                    <\/div>\n                \n            <\/div>\n                    <div class=\"col-lg-4 col-md-6\">\n\n                                    <div class=\"elementskit-post-image-card\">\n                        <div class=\"elementskit-entry-header\">\n                                                            <a href=\"https:\/\/kochamkarkonosze.pl\/cs\/forest-park-hotel-spa-swieradow-zdroj\/\" class=\"elementskit-entry-thumb\">\n                                    <img decoding=\"async\" src=\"https:\/\/kochamkarkonosze.pl\/wp-content\/uploads\/2023\/07\/kocham_karkonosze_forest_park-768x470.png\" alt=\"Forest Park Hotel &amp; SPA \u015awierad\u00f3w-Zdr\u00f3j\">\n                                <\/a><!-- .elementskit-entry-thumb END -->\n                                                            \n                            \n\t\t\t\t\t\t\t\t\t\t\t\t\t<\/div><!-- .elementskit-entry-header END -->\n\n\t\t\t\t\t\t<div class=\"elementskit-post-body \">\n\t\t\t\t\t\t\t\n\t\t\t\t\t\t\t\t\t\t\t\t\t\t\t\t\t\t\t\t\t\t\t\t\t\n\t\t\t\t\t\t\t\t\n\t\t\t\t\t\t\t\t\t\t\t\t\t\t\t\t\t\t\t\t\t<h2 class=\"entry-title\">\n\t\t\t\t\t<a href=\"https:\/\/kochamkarkonosze.pl\/cs\/forest-park-hotel-spa-swieradow-zdroj\/\">\n\t\t\t\t\t\tForest Park Hotel &amp; SPA \u015awierad\u00f3w-Zdr\u00f3j\t\t\t\t\t<\/a>\n\t\t\t\t<\/h2>\n\t\t\t\t\t\t\t\t\t\t\t\t\t\t\t\t\t\t\t\t\t\t\t\t\t\t\t\t\t\t\t\t                                                    <\/div><!-- .elementskit-post-body END -->\n                    <\/div>\n                \n            <\/div>\n                <\/div>\n       <\/div>\t\t\t\t<\/div>\n\t\t\t\t<\/div>\n\t\t\t\t\t<\/div>\n\t\t<\/div>\n\t\t\t\t\t<\/div>\n\t\t<\/section>\n\t\t\t\t<section class=\"elementor-section elementor-top-section elementor-element elementor-element-38548d19 elementor-section-boxed elementor-section-height-default elementor-section-height-default\" data-id=\"38548d19\" data-element_type=\"section\">\n\t\t\t\t\t\t<div class=\"elementor-container elementor-column-gap-default\">\n\t\t\t\t\t<div class=\"elementor-column elementor-col-100 elementor-top-column elementor-element elementor-element-6939b252\" data-id=\"6939b252\" data-element_type=\"column\">\n\t\t\t<div class=\"elementor-widget-wrap elementor-element-populated\">\n\t\t\t\t\t\t<div class=\"elementor-element elementor-element-5aed0444 elementor-widget__width-auto elementor-invisible elementor-widget elementor-widget-heading\" data-id=\"5aed0444\" data-element_type=\"widget\" data-settings=\"{&quot;_animation&quot;:&quot;fadeInUp&quot;}\" data-widget_type=\"heading.default\">\n\t\t\t\t<div class=\"elementor-widget-container\">\n\t\t\t\t\t<h6 class=\"elementor-heading-title elementor-size-default\">mus\u00edte to vid\u011bt<\/h6>\t\t\t\t<\/div>\n\t\t\t\t<\/div>\n\t\t\t\t<div class=\"elementor-element elementor-element-fcf0d06 elementor-invisible elementor-widget elementor-widget-heading\" data-id=\"fcf0d06\" data-element_type=\"widget\" data-settings=\"{&quot;_animation&quot;:&quot;fadeInUp&quot;}\" data-widget_type=\"heading.default\">\n\t\t\t\t<div class=\"elementor-widget-container\">\n\t\t\t\t\t<h1 class=\"elementor-heading-title elementor-size-default\">Objevte dal\u0161\u00ed zaj\u00edmavosti v Krkono\u0161\u00edch<\/h1>\t\t\t\t<\/div>\n\t\t\t\t<\/div>\n\t\t\t\t<div class=\"elementor-element elementor-element-1cea2dc1 elementor-invisible elementor-widget elementor-widget-elementskit-blog-posts\" data-id=\"1cea2dc1\" data-element_type=\"widget\" data-settings=\"{&quot;_animation&quot;:&quot;fadeInUp&quot;}\" data-widget_type=\"elementskit-blog-posts.default\">\n\t\t\t\t<div class=\"elementor-widget-container\">\n\t\t\t\t\t<div class=\"ekit-wid-con\" >        <div id=\"post-items--1cea2dc1\" class=\"row post-items\">\n                    <div class=\"col-lg-4 col-md-6\">\n\n                                    <div class=\"elementskit-post-image-card\">\n                        <div class=\"elementskit-entry-header\">\n                                                            <a href=\"https:\/\/kochamkarkonosze.pl\/cs\/utulek-samotnia-2\/\" class=\"elementskit-entry-thumb\">\n                                    <img decoding=\"async\" src=\"https:\/\/kochamkarkonosze.pl\/wp-content\/uploads\/2023\/07\/kocham_karkonosze_karpacz_schronisko-768x470.webp\" alt=\"\u00datulek Samotnia\">\n                                <\/a><!-- .elementskit-entry-thumb END -->\n                                                            \n                            \n\t\t\t\t\t\t\t\t\t\t\t\t\t<\/div><!-- .elementskit-entry-header END -->\n\n\t\t\t\t\t\t<div class=\"elementskit-post-body \">\n\t\t\t\t\t\t\t\n\t\t\t\t\t\t\t\t\t\t\t\t\t\t\t\t\t\t\t\t\t\t\t\t\t\n\t\t\t\t\t\t\t\t\n\t\t\t\t\t\t\t\t\t\t\t\t\t\t\t\t\t\t\t\t\t<h2 class=\"entry-title\">\n\t\t\t\t\t<a href=\"https:\/\/kochamkarkonosze.pl\/cs\/utulek-samotnia-2\/\">\n\t\t\t\t\t\t\u00datulek Samotnia\t\t\t\t\t<\/a>\n\t\t\t\t<\/h2>\n\t\t\t\t\t\t\t\t\t\t\t\t\t\t\t\t\t\t\t\t\t\t\t\t\t\t\t\t\t\t\t\t                                                    <\/div><!-- .elementskit-post-body END -->\n                    <\/div>\n                \n            <\/div>\n                    <div class=\"col-lg-4 col-md-6\">\n\n                                    <div class=\"elementskit-post-image-card\">\n                        <div class=\"elementskit-entry-header\">\n                                                            <a href=\"https:\/\/kochamkarkonosze.pl\/cs\/slunecnicova-grafitova-formace\/\" class=\"elementskit-entry-thumb\">\n                                    <img decoding=\"async\" src=\"https:\/\/kochamkarkonosze.pl\/wp-content\/uploads\/2023\/07\/kocham_karkonosze_karpacz_slonecznik-768x470.webp\" alt=\"Slune\u010dnicov\u00e1 grafitov\u00e1 formace\">\n                                <\/a><!-- .elementskit-entry-thumb END -->\n                                                            \n                            \n\t\t\t\t\t\t\t\t\t\t\t\t\t<\/div><!-- .elementskit-entry-header END -->\n\n\t\t\t\t\t\t<div class=\"elementskit-post-body \">\n\t\t\t\t\t\t\t\n\t\t\t\t\t\t\t\t\t\t\t\t\t\t\t\t\t\t\t\t\t\t\t\t\t\n\t\t\t\t\t\t\t\t\n\t\t\t\t\t\t\t\t\t\t\t\t\t\t\t\t\t\t\t\t\t<h2 class=\"entry-title\">\n\t\t\t\t\t<a href=\"https:\/\/kochamkarkonosze.pl\/cs\/slunecnicova-grafitova-formace\/\">\n\t\t\t\t\t\tSlune\u010dnicov\u00e1 grafitov\u00e1 formace\t\t\t\t\t<\/a>\n\t\t\t\t<\/h2>\n\t\t\t\t\t\t\t\t\t\t\t\t\t\t\t\t\t\t\t\t\t\t\t\t\t\t\t\t\t\t\t\t                                                    <\/div><!-- .elementskit-post-body END -->\n                    <\/div>\n                \n            <\/div>\n                    <div class=\"col-lg-4 col-md-6\">\n\n                                    <div class=\"elementskit-post-image-card\">\n                        <div class=\"elementskit-entry-header\">\n                                                            <a href=\"https:\/\/kochamkarkonosze.pl\/cs\/lyzarska-arena-karpacz-2\/\" class=\"elementskit-entry-thumb\">\n                                    <img decoding=\"async\" src=\"https:\/\/kochamkarkonosze.pl\/wp-content\/uploads\/2023\/07\/kocham_karkonosze_karpacz_ski_arena-768x470.webp\" alt=\"Ly\u017ea\u0159sk\u00e1 ar\u00e9na Karpacz\">\n                                <\/a><!-- .elementskit-entry-thumb END -->\n                                                            \n                            \n\t\t\t\t\t\t\t\t\t\t\t\t\t<\/div><!-- .elementskit-entry-header END -->\n\n\t\t\t\t\t\t<div class=\"elementskit-post-body \">\n\t\t\t\t\t\t\t\n\t\t\t\t\t\t\t\t\t\t\t\t\t\t\t\t\t\t\t\t\t\t\t\t\t\n\t\t\t\t\t\t\t\t\n\t\t\t\t\t\t\t\t\t\t\t\t\t\t\t\t\t\t\t\t\t<h2 class=\"entry-title\">\n\t\t\t\t\t<a href=\"https:\/\/kochamkarkonosze.pl\/cs\/lyzarska-arena-karpacz-2\/\">\n\t\t\t\t\t\tLy\u017ea\u0159sk\u00e1 ar\u00e9na Karpacz\t\t\t\t\t<\/a>\n\t\t\t\t<\/h2>\n\t\t\t\t\t\t\t\t\t\t\t\t\t\t\t\t\t\t\t\t\t\t\t\t\t\t\t\t\t\t\t\t                                                    <\/div><!-- .elementskit-post-body END -->\n                    <\/div>\n                \n            <\/div>\n                <\/div>\n       <\/div>\t\t\t\t<\/div>\n\t\t\t\t<\/div>\n\t\t\t\t\t<\/div>\n\t\t<\/div>\n\t\t\t\t\t<\/div>\n\t\t<\/section>\n\t\t\t\t<\/div>\n\t\t","protected":false},"excerpt":{"rendered":"<p>P\u011bnkav\u010d\u00ed vrch, kter\u00fd se nach\u00e1z\u00ed v p\u016fvabn\u00e9m m\u011bste\u010dku Pec pod Sn\u011b\u017ekou, je atrakc\u00ed, kter\u00e1 l\u00e1k\u00e1 n\u00e1v\u0161t\u011bvn\u00edky sv\u00fdm malebn\u00fdm okol\u00edm a jedine\u010dn\u00fdmi p\u0159\u00edrodn\u00edmi prvky. Je ide\u00e1ln\u00edm m\u00edstem pro milovn\u00edky horsk\u00e9 turistiky, kte\u0159\u00ed ocen\u00ed kontakt s p\u0159\u00edrodou a kr\u00e1sn\u00e9 v\u00fdhledy na okoln\u00ed vrcholy a \u00fadol\u00ed. P\u011bnkav\u010d\u00ed hora je zn\u00e1m\u00e1 mnoha kr\u00e1sn\u00fdmi turistick\u00fdmi stezkami vedouc\u00edmi po zalesn\u011bn\u00fdch svaz\u00edch [&hellip;]<\/p>\n","protected":false},"author":1,"featured_media":4870,"comment_status":"closed","ping_status":"closed","sticky":false,"template":"","format":"standard","meta":{"footnotes":""},"categories":[73],"tags":[],"class_list":["post-7686","post","type-post","status-publish","format-standard","has-post-thumbnail","hentry","category-pec-pod-snezkou-cs"],"_links":{"self":[{"href":"https:\/\/kochamkarkonosze.pl\/cs\/wp-json\/wp\/v2\/posts\/7686","targetHints":{"allow":["GET"]}}],"collection":[{"href":"https:\/\/kochamkarkonosze.pl\/cs\/wp-json\/wp\/v2\/posts"}],"about":[{"href":"https:\/\/kochamkarkonosze.pl\/cs\/wp-json\/wp\/v2\/types\/post"}],"author":[{"embeddable":true,"href":"https:\/\/kochamkarkonosze.pl\/cs\/wp-json\/wp\/v2\/users\/1"}],"replies":[{"embeddable":true,"href":"https:\/\/kochamkarkonosze.pl\/cs\/wp-json\/wp\/v2\/comments?post=7686"}],"version-history":[{"count":1,"href":"https:\/\/kochamkarkonosze.pl\/cs\/wp-json\/wp\/v2\/posts\/7686\/revisions"}],"predecessor-version":[{"id":7690,"href":"https:\/\/kochamkarkonosze.pl\/cs\/wp-json\/wp\/v2\/posts\/7686\/revisions\/7690"}],"wp:featuredmedia":[{"embeddable":true,"href":"https:\/\/kochamkarkonosze.pl\/cs\/wp-json\/wp\/v2\/media\/4870"}],"wp:attachment":[{"href":"https:\/\/kochamkarkonosze.pl\/cs\/wp-json\/wp\/v2\/media?parent=7686"}],"wp:term":[{"taxonomy":"category","embeddable":true,"href":"https:\/\/kochamkarkonosze.pl\/cs\/wp-json\/wp\/v2\/categories?post=7686"},{"taxonomy":"post_tag","embeddable":true,"href":"https:\/\/kochamkarkonosze.pl\/cs\/wp-json\/wp\/v2\/tags?post=7686"}],"curies":[{"name":"wp","href":"https:\/\/api.w.org\/{rel}","templated":true}]}}