{"id":7984,"date":"2023-07-29T13:29:40","date_gmt":"2023-07-29T13:29:40","guid":{"rendered":"https:\/\/kochamkarkonosze.pl\/stredisko-ekologicke-vychovy-natura-2000\/"},"modified":"2024-07-19T13:56:53","modified_gmt":"2024-07-19T13:56:53","slug":"stredisko-ekologicke-vychovy-natura-2000","status":"publish","type":"post","link":"https:\/\/kochamkarkonosze.pl\/cs\/stredisko-ekologicke-vychovy-natura-2000\/","title":{"rendered":"St\u0159edisko ekologick\u00e9 v\u00fdchovy NATURA 2000"},"content":{"rendered":"\t\t<div data-elementor-type=\"wp-post\" data-elementor-id=\"7984\" class=\"elementor elementor-7984 elementor-1871\" data-elementor-post-type=\"post\">\n\t\t\t\t\t\t<section class=\"elementor-section elementor-top-section elementor-element elementor-element-4f172c24 elementor-section-height-min-height elementor-section-boxed elementor-section-height-default elementor-section-items-middle elementor-invisible\" data-id=\"4f172c24\" data-element_type=\"section\" data-settings=\"{&quot;background_background&quot;:&quot;classic&quot;,&quot;animation&quot;:&quot;fadeIn&quot;}\">\n\t\t\t\t\t\t\t<div class=\"elementor-background-overlay\"><\/div>\n\t\t\t\t\t\t\t<div class=\"elementor-container elementor-column-gap-default\">\n\t\t\t\t\t<div class=\"elementor-column elementor-col-100 elementor-top-column elementor-element elementor-element-6d904623\" data-id=\"6d904623\" data-element_type=\"column\">\n\t\t\t<div class=\"elementor-widget-wrap elementor-element-populated\">\n\t\t\t\t\t\t<div class=\"elementor-element elementor-element-e26fda9 elementor-invisible elementor-widget elementor-widget-heading\" data-id=\"e26fda9\" data-element_type=\"widget\" data-settings=\"{&quot;_animation&quot;:&quot;fadeInUp&quot;}\" data-widget_type=\"heading.default\">\n\t\t\t\t<div class=\"elementor-widget-container\">\n\t\t\t\t\t<h1 class=\"elementor-heading-title elementor-size-default\">St\u0159edisko ekologick\u00e9 v\u00fdchovy NATURA 2000<\/h1>\t\t\t\t<\/div>\n\t\t\t\t<\/div>\n\t\t\t\t\t<\/div>\n\t\t<\/div>\n\t\t\t\t\t<\/div>\n\t\t<\/section>\n\t\t\t\t<section class=\"elementor-section elementor-top-section elementor-element elementor-element-596b861 elementor-section-boxed elementor-section-height-default elementor-section-height-default\" data-id=\"596b861\" data-element_type=\"section\">\n\t\t\t\t\t\t<div class=\"elementor-container elementor-column-gap-default\">\n\t\t\t\t\t<div class=\"elementor-column elementor-col-100 elementor-top-column elementor-element elementor-element-b4ae46e\" data-id=\"b4ae46e\" data-element_type=\"column\">\n\t\t\t<div class=\"elementor-widget-wrap elementor-element-populated\">\n\t\t\t\t\t\t<div class=\"elementor-element elementor-element-ad53640 elementor-invisible elementor-widget elementor-widget-heading\" data-id=\"ad53640\" data-element_type=\"widget\" data-settings=\"{&quot;_animation&quot;:&quot;fadeInUp&quot;}\" data-widget_type=\"heading.default\">\n\t\t\t\t<div class=\"elementor-widget-container\">\n\t\t\t\t\t<h1 class=\"elementor-heading-title elementor-size-default\">St\u0159edisko ekologick\u00e9 v\u00fdchovy NATURA 2000  - p\u0159ita\u017elivost m\u011bsta \u015awierad\u00f3w-Zdr\u00f3j<\/h1>\t\t\t\t<\/div>\n\t\t\t\t<\/div>\n\t\t\t\t<div class=\"elementor-element elementor-element-f41eefe elementor-drop-cap-yes elementor-drop-cap-view-default elementor-invisible elementor-widget elementor-widget-text-editor\" data-id=\"f41eefe\" data-element_type=\"widget\" data-settings=\"{&quot;_animation&quot;:&quot;fadeInUp&quot;,&quot;drop_cap&quot;:&quot;yes&quot;}\" data-widget_type=\"text-editor.default\">\n\t\t\t\t<div class=\"elementor-widget-container\">\n\t\t\t\t\t\t\t\t\t<p>St\u0159edisko ekologick\u00e9 v\u00fdchovy NATURA 2000 ve \u015awierad\u00f3w\u011b-Zdroji je jedine\u010dn\u00fdm m\u00edstem, kter\u00e9 pln\u011b odr\u00e1\u017e\u00ed kr\u00e1su a jedine\u010dnost p\u0159\u00edrody tohoto regionu. Centrum, kter\u00e9 se nach\u00e1z\u00ed v srdci malebn\u00fdch l\u00e1zn\u00ed, l\u00e1k\u00e1 milovn\u00edky p\u0159\u00edrody i turisty, kte\u0159\u00ed cht\u011bj\u00ed poznat a pochopit bohatstv\u00ed ekosyst\u00e9m\u016f a divok\u00e9 p\u0159\u00edrody Jizersk\u00fdch hor.<\/p>\n\t\t\t\t\t\t\t\t<\/div>\n\t\t\t\t<\/div>\n\t\t\t\t<div class=\"elementor-element elementor-element-ddad124 elementor-widget elementor-widget-shortcode\" data-id=\"ddad124\" data-element_type=\"widget\" data-widget_type=\"shortcode.default\">\n\t\t\t\t<div class=\"elementor-widget-container\">\n\t\t\t\t\t\t\t<div class=\"elementor-shortcode\">\t\t<div data-elementor-type=\"section\" data-elementor-id=\"7514\" class=\"elementor elementor-7514 elementor-2443\" data-elementor-post-type=\"elementor_library\">\n\t\t\t\t\t<section class=\"elementor-section elementor-top-section elementor-element elementor-element-8214074 elementor-section-boxed elementor-section-height-default elementor-section-height-default\" data-id=\"8214074\" data-element_type=\"section\">\n\t\t\t\t\t\t<div class=\"elementor-container elementor-column-gap-default\">\n\t\t\t\t\t<div class=\"elementor-column elementor-col-100 elementor-top-column elementor-element elementor-element-ea844b9\" data-id=\"ea844b9\" data-element_type=\"column\">\n\t\t\t<div class=\"elementor-widget-wrap elementor-element-populated\">\n\t\t\t\t\t\t<div class=\"elementor-element elementor-element-f690958 elementor-widget elementor-widget-image\" data-id=\"f690958\" data-element_type=\"widget\" data-widget_type=\"image.default\">\n\t\t\t\t<div class=\"elementor-widget-container\">\n\t\t\t\t\t\t\t\t\t\t\t\t\t\t\t\t<a href=\"https:\/\/elements-hotel.pl\/\" target=\"_blank\" rel=\"nofollow\">\n\t\t\t\t\t\t\t<img fetchpriority=\"high\" decoding=\"async\" width=\"800\" height=\"328\" src=\"https:\/\/kochamkarkonosze.pl\/wp-content\/uploads\/2023\/07\/ELEMENTS-POZIOM-apartamenty-z-saunami.gif\" class=\"attachment-large size-large wp-image-6059\" alt=\"ELEMENTS POZIOM apartamenty z saunami\" \/>\t\t\t\t\t\t\t\t<\/a>\n\t\t\t\t\t\t\t\t\t\t\t\t\t\t\t<\/div>\n\t\t\t\t<\/div>\n\t\t\t\t\t<\/div>\n\t\t<\/div>\n\t\t\t\t\t<\/div>\n\t\t<\/section>\n\t\t\t\t<\/div>\n\t\t<\/div>\n\t\t\t\t\t\t<\/div>\n\t\t\t\t<\/div>\n\t\t\t\t\t<\/div>\n\t\t<\/div>\n\t\t\t\t\t<\/div>\n\t\t<\/section>\n\t\t\t\t<section class=\"elementor-section elementor-top-section elementor-element elementor-element-8ea1849 elementor-section-boxed elementor-section-height-default elementor-section-height-default\" data-id=\"8ea1849\" data-element_type=\"section\">\n\t\t\t\t\t\t<div class=\"elementor-container elementor-column-gap-default\">\n\t\t\t\t\t<div class=\"elementor-column elementor-col-50 elementor-top-column elementor-element elementor-element-3676715\" data-id=\"3676715\" data-element_type=\"column\">\n\t\t\t<div class=\"elementor-widget-wrap elementor-element-populated\">\n\t\t\t\t\t\t<div class=\"elementor-element elementor-element-72afd3e8 elementor-drop-cap-yes elementor-drop-cap-view-default elementor-invisible elementor-widget elementor-widget-text-editor\" data-id=\"72afd3e8\" data-element_type=\"widget\" data-settings=\"{&quot;_animation&quot;:&quot;fadeInUp&quot;,&quot;drop_cap&quot;:&quot;yes&quot;}\" data-widget_type=\"text-editor.default\">\n\t\t\t\t<div class=\"elementor-widget-container\">\n\t\t\t\t\t\t\t\t\t<p>Hlavn\u00edm c\u00edlem st\u0159ediska ekologick\u00e9 v\u00fdchovy NATURA 2000 je zvy\u0161ovat pov\u011bdom\u00ed o \u017eivotn\u00edm prost\u0159ed\u00ed a podporovat ochranu p\u0159\u00edrody a udr\u017eiteln\u00fd rozvoj. Je to m\u00edsto, kde mohou n\u00e1v\u0161t\u011bvn\u00edci prozkoumat ekosyst\u00e9my a sezn\u00e1mit se s rozmanitost\u00ed rostlin a \u017eivo\u010dich\u016f, kte\u0159\u00ed tvo\u0159\u00ed jedine\u010dn\u00fd ekosyst\u00e9m t\u00e9to chr\u00e1n\u011bn\u00e9 oblasti.<\/p>\n<p>Expozice centra je bohat\u00e1 a interaktivn\u00ed. Multimedi\u00e1ln\u00ed v\u00fdstavy, modely p\u0159\u00edrody a r\u016fzn\u00e9 prezentace a filmy ukazuj\u00ed kr\u00e1su a v\u00fdznam ochrany t\u011bchto jedine\u010dn\u00fdch oblast\u00ed. Pro milovn\u00edky ekologie, biologie a p\u0159\u00edrodn\u00edch v\u011bd je Centrum ekologick\u00e9 v\u00fdchovy NATURA 2000 opravdov\u00fdm sv\u00e1tkem pozn\u00e1n\u00ed.<\/p>\n<p>N\u00e1v\u0161t\u011bva centra je tak\u00e9 skv\u011blou p\u0159\u00edle\u017eitost\u00ed dozv\u011bd\u011bt se v\u00edce o soustav\u011b Natura 2000, jej\u00edm\u017e c\u00edlem je chr\u00e1nit n\u011bkter\u00e9 z nejcenn\u011bj\u0161\u00edch a nejohro\u017een\u011bj\u0161\u00edch evropsk\u00fdch p\u0159\u00edrodn\u00edch oblast\u00ed. Jedn\u00e1 se o jedine\u010dnou s\u00ed\u0165 chr\u00e1n\u011bn\u00fdch \u00fazem\u00ed, kter\u00e1 sdru\u017euje rozmanit\u00e9 formy rostlin a \u017eivo\u010dich\u016f a hraje d\u016fle\u017eitou roli v ochran\u011b biologick\u00e9 rozmanitosti.<\/p>\n<p>Centrum ekologick\u00e9 v\u00fdchovy NATURA 2000 nab\u00edz\u00ed tak\u00e9 r\u016fzn\u00e9 typy semin\u00e1\u0159\u016f, ter\u00e9nn\u00edch aktivit a setk\u00e1n\u00ed s odborn\u00edky, na kter\u00fdch se m\u016f\u017eete dozv\u011bd\u011bt v\u00edce o p\u0159\u00edrodn\u00edch a ekologick\u00fdch jevech. Pro d\u011bti a ml\u00e1de\u017e jsou organizov\u00e1ny speci\u00e1ln\u00ed vzd\u011bl\u00e1vac\u00ed programy, kter\u00e9 maj\u00ed mlad\u00e9 generace pou\u010dit o p\u00e9\u010di o \u017eivotn\u00ed prost\u0159ed\u00ed a o dopadu na\u0161eho jedn\u00e1n\u00ed na p\u0159\u00edrodu.<\/p>\n\t\t\t\t\t\t\t\t<\/div>\n\t\t\t\t<\/div>\n\t\t\t\t<div class=\"elementor-element elementor-element-7330017 elementor-widget elementor-widget-shortcode\" data-id=\"7330017\" data-element_type=\"widget\" data-widget_type=\"shortcode.default\">\n\t\t\t\t<div class=\"elementor-widget-container\">\n\t\t\t\t\t\t\t<div class=\"elementor-shortcode\">\t\t<div data-elementor-type=\"section\" data-elementor-id=\"8247\" class=\"elementor elementor-8247 elementor-2450\" data-elementor-post-type=\"elementor_library\">\n\t\t\t\t\t<section class=\"elementor-section elementor-top-section elementor-element elementor-element-8214074 elementor-section-boxed elementor-section-height-default elementor-section-height-default\" data-id=\"8214074\" data-element_type=\"section\">\n\t\t\t\t\t\t<div class=\"elementor-container elementor-column-gap-default\">\n\t\t\t\t\t<div class=\"elementor-column elementor-col-100 elementor-top-column elementor-element elementor-element-ea844b9\" data-id=\"ea844b9\" data-element_type=\"column\">\n\t\t\t<div class=\"elementor-widget-wrap elementor-element-populated\">\n\t\t\t\t\t\t<div class=\"elementor-element elementor-element-f690958 elementor-widget elementor-widget-image\" data-id=\"f690958\" data-element_type=\"widget\" data-widget_type=\"image.default\">\n\t\t\t\t<div class=\"elementor-widget-container\">\n\t\t\t\t\t\t\t\t\t\t\t\t\t\t\t\t<a href=\"https:\/\/fiveseasons.pl\" target=\"_blank\" rel=\"nofollow\">\n\t\t\t\t\t\t\t<img decoding=\"async\" width=\"2248\" height=\"922\" src=\"https:\/\/kochamkarkonosze.pl\/wp-content\/uploads\/2023\/08\/ZIMA-\u2013-FS-baner-poziomy-para-1.gif\" class=\"attachment-full size-full wp-image-5771\" alt=\"ZIMA \u2013 FS baner poziomy para 1\" \/>\t\t\t\t\t\t\t\t<\/a>\n\t\t\t\t\t\t\t\t\t\t\t\t\t\t\t<\/div>\n\t\t\t\t<\/div>\n\t\t\t\t\t<\/div>\n\t\t<\/div>\n\t\t\t\t\t<\/div>\n\t\t<\/section>\n\t\t\t\t<\/div>\n\t\t<\/div>\n\t\t\t\t\t\t<\/div>\n\t\t\t\t<\/div>\n\t\t\t\t<div class=\"elementor-element elementor-element-023511b elementor-drop-cap-yes elementor-drop-cap-view-default elementor-invisible elementor-widget elementor-widget-text-editor\" data-id=\"023511b\" data-element_type=\"widget\" data-settings=\"{&quot;_animation&quot;:&quot;fadeInUp&quot;,&quot;drop_cap&quot;:&quot;yes&quot;}\" data-widget_type=\"text-editor.default\">\n\t\t\t\t<div class=\"elementor-widget-container\">\n\t\t\t\t\t\t\t\t\t<p>Za\u0159\u00edzen\u00ed l\u00e1k\u00e1 nejen individu\u00e1ln\u00ed turisty, ale tak\u00e9 \u0161koln\u00ed skupiny, zelen\u00e9 \u0161koly nebo ekologick\u00e9 organizace. Centrum je skv\u011bl\u00fdm m\u00edstem pro integraci skupin, sd\u00edlen\u00ed znalost\u00ed a zku\u0161enost\u00ed a spole\u010dnou z\u00e1bavu v kontaktu s p\u0159\u00edrodou.<\/p>\n<p>Krom\u011b st\u00e1l\u00fdch expozic po\u0159\u00e1d\u00e1 Centrum ekologick\u00e9 v\u00fdchovy NATURA 2000 tak\u00e9 do\u010dasn\u00e9 v\u00fdstavy a r\u016fzn\u00e9 akce, kter\u00e9 se t\u00fdkaj\u00ed t\u00e9mat ochrany p\u0159\u00edrody a ekologie. Je to skv\u011bl\u00e1 p\u0159\u00edle\u017eitost dozv\u011bd\u011bt se v\u00edce o aktu\u00e1ln\u00edch probl\u00e9mech \u017eivotn\u00edho prost\u0159ed\u00ed a jednat v z\u00e1jmu jeho ochrany.<\/p>\n<p>Dal\u0161\u00edm l\u00e1kadlem pro n\u00e1v\u0161t\u011bvn\u00edky je poloha centra ve \u015awierad\u00f3w\u011b-Zdroji, obklopen\u00e9m kr\u00e1sn\u00fdmi horami a p\u0159\u00edrodou. Krom\u011b environment\u00e1ln\u00edho vzd\u011bl\u00e1v\u00e1n\u00ed maj\u00ed n\u00e1v\u0161t\u011bvn\u00edci mo\u017enost aktivn\u00edho odpo\u010dinku, prozkoum\u00e1n\u00ed okoln\u00edch turistick\u00fdch stezek a u\u017e\u00edv\u00e1n\u00ed si dal\u0161\u00edch atrakc\u00ed tohoto p\u016fvabn\u00e9ho m\u011bste\u010dka.<\/p>\n<p>St\u0159edisko ekologick\u00e9 v\u00fdchovy NATURA 2000 ve \u015awierad\u00f3w\u011b-Zdroji je m\u00edstem, kter\u00e9 obohacuje n\u00e1v\u0161t\u011bvu regionu o jedine\u010dn\u00e9 z\u00e1\u017eitky, znalosti a ekologick\u00e9 pov\u011bdom\u00ed. Je to p\u0159\u00edle\u017eitost nau\u010dit se respektu k p\u0159\u00edrod\u011b a pochopit, jak je d\u016fle\u017eit\u00e9 chr\u00e1nit jej\u00ed rozmanitost. Pro milovn\u00edky p\u0159\u00edrody, v\u011bdy a ekologie je to nesm\u00edrn\u011b inspirativn\u00ed a cenn\u00e9 m\u00edsto.<\/p>\n\t\t\t\t\t\t\t\t<\/div>\n\t\t\t\t<\/div>\n\t\t\t\t\t<\/div>\n\t\t<\/div>\n\t\t\t\t<div class=\"elementor-column elementor-col-50 elementor-top-column elementor-element elementor-element-0237fb2\" data-id=\"0237fb2\" data-element_type=\"column\">\n\t\t\t<div class=\"elementor-widget-wrap elementor-element-populated\">\n\t\t\t\t\t\t<div class=\"elementor-element elementor-element-2f595060 elementor-widget__width-initial elementor-widget-mobile__width-inherit elementor-icon-list--layout-traditional elementor-list-item-link-full_width elementor-invisible elementor-widget elementor-widget-icon-list\" data-id=\"2f595060\" data-element_type=\"widget\" data-settings=\"{&quot;_animation&quot;:&quot;fadeInUp&quot;}\" data-widget_type=\"icon-list.default\">\n\t\t\t\t<div class=\"elementor-widget-container\">\n\t\t\t\t\t\t\t<ul class=\"elementor-icon-list-items\">\n\t\t\t\t\t\t\t<li class=\"elementor-icon-list-item\">\n\t\t\t\t\t\t\t\t\t\t\t<span class=\"elementor-icon-list-icon\">\n\t\t\t\t\t\t\t<i aria-hidden=\"true\" class=\"icon icon-check\"><\/i>\t\t\t\t\t\t<\/span>\n\t\t\t\t\t\t\t\t\t\t<span class=\"elementor-icon-list-text\">Vzd\u011bl\u00e1v\u00e1n\u00ed o p\u0159\u00edrod\u011b<\/span>\n\t\t\t\t\t\t\t\t\t<\/li>\n\t\t\t\t\t\t\t\t<li class=\"elementor-icon-list-item\">\n\t\t\t\t\t\t\t\t\t\t\t<span class=\"elementor-icon-list-icon\">\n\t\t\t\t\t\t\t<i aria-hidden=\"true\" class=\"icon icon-check\"><\/i>\t\t\t\t\t\t<\/span>\n\t\t\t\t\t\t\t\t\t\t<span class=\"elementor-icon-list-text\">Jedine\u010dn\u00e9 v\u00fdstavy<\/span>\n\t\t\t\t\t\t\t\t\t<\/li>\n\t\t\t\t\t\t\t\t<li class=\"elementor-icon-list-item\">\n\t\t\t\t\t\t\t\t\t\t\t<span class=\"elementor-icon-list-icon\">\n\t\t\t\t\t\t\t<i aria-hidden=\"true\" class=\"icon icon-check\"><\/i>\t\t\t\t\t\t<\/span>\n\t\t\t\t\t\t\t\t\t\t<span class=\"elementor-icon-list-text\">Ochrana \u017eivotn\u00edho prost\u0159ed\u00ed<\/span>\n\t\t\t\t\t\t\t\t\t<\/li>\n\t\t\t\t\t\t<\/ul>\n\t\t\t\t\t\t<\/div>\n\t\t\t\t<\/div>\n\t\t\t\t<div class=\"elementor-element elementor-element-47eae102 elementor-widget__width-initial elementor-widget-mobile__width-inherit elementor-icon-list--layout-traditional elementor-list-item-link-full_width elementor-invisible elementor-widget elementor-widget-icon-list\" data-id=\"47eae102\" data-element_type=\"widget\" data-settings=\"{&quot;_animation&quot;:&quot;fadeInUp&quot;}\" data-widget_type=\"icon-list.default\">\n\t\t\t\t<div class=\"elementor-widget-container\">\n\t\t\t\t\t\t\t<ul class=\"elementor-icon-list-items\">\n\t\t\t\t\t\t\t<li class=\"elementor-icon-list-item\">\n\t\t\t\t\t\t\t\t\t\t\t<span class=\"elementor-icon-list-icon\">\n\t\t\t\t\t\t\t<i aria-hidden=\"true\" class=\"icon icon-check\"><\/i>\t\t\t\t\t\t<\/span>\n\t\t\t\t\t\t\t\t\t\t<span class=\"elementor-icon-list-text\">Interaktivn\u00ed v\u00fdstava<\/span>\n\t\t\t\t\t\t\t\t\t<\/li>\n\t\t\t\t\t\t\t\t<li class=\"elementor-icon-list-item\">\n\t\t\t\t\t\t\t\t\t\t\t<span class=\"elementor-icon-list-icon\">\n\t\t\t\t\t\t\t<i aria-hidden=\"true\" class=\"icon icon-check\"><\/i>\t\t\t\t\t\t<\/span>\n\t\t\t\t\t\t\t\t\t\t<span class=\"elementor-icon-list-text\">Workshopy pro d\u011bti<\/span>\n\t\t\t\t\t\t\t\t\t<\/li>\n\t\t\t\t\t\t\t\t<li class=\"elementor-icon-list-item\">\n\t\t\t\t\t\t\t\t\t\t\t<span class=\"elementor-icon-list-icon\">\n\t\t\t\t\t\t\t<i aria-hidden=\"true\" class=\"icon icon-check\"><\/i>\t\t\t\t\t\t<\/span>\n\t\t\t\t\t\t\t\t\t\t<span class=\"elementor-icon-list-text\">Program Natura 2000<\/span>\n\t\t\t\t\t\t\t\t\t<\/li>\n\t\t\t\t\t\t<\/ul>\n\t\t\t\t\t\t<\/div>\n\t\t\t\t<\/div>\n\t\t\t\t<div class=\"elementor-element elementor-element-eab870e elementor-arrows-position-inside elementor-pagination-position-outside elementor-widget elementor-widget-image-carousel\" data-id=\"eab870e\" data-element_type=\"widget\" data-settings=\"{&quot;slides_to_show&quot;:&quot;1&quot;,&quot;navigation&quot;:&quot;both&quot;,&quot;autoplay&quot;:&quot;yes&quot;,&quot;pause_on_hover&quot;:&quot;yes&quot;,&quot;pause_on_interaction&quot;:&quot;yes&quot;,&quot;autoplay_speed&quot;:5000,&quot;infinite&quot;:&quot;yes&quot;,&quot;effect&quot;:&quot;slide&quot;,&quot;speed&quot;:500}\" data-widget_type=\"image-carousel.default\">\n\t\t\t\t<div class=\"elementor-widget-container\">\n\t\t\t\t\t\t\t<div class=\"elementor-image-carousel-wrapper swiper\" role=\"region\" aria-roledescription=\"carousel\" aria-label=\"Obr\u00e1zkov\u00fd koloto\u010d\" dir=\"ltr\">\n\t\t\t<div class=\"elementor-image-carousel swiper-wrapper\" aria-live=\"off\">\n\t\t\t\t\t\t\t\t<div class=\"swiper-slide\" role=\"group\" aria-roledescription=\"slide\" aria-label=\"1 z 3\"><figure class=\"swiper-slide-inner\"><img decoding=\"async\" class=\"swiper-slide-image\" src=\"https:\/\/kochamkarkonosze.pl\/wp-content\/uploads\/2023\/07\/swiatynia_wang_karpacz_2.webp\" alt=\"swiatynia wang karpacz 2\" \/><\/figure><\/div><div class=\"swiper-slide\" role=\"group\" aria-roledescription=\"slide\" aria-label=\"2 z 3\"><figure class=\"swiper-slide-inner\"><img decoding=\"async\" class=\"swiper-slide-image\" src=\"https:\/\/kochamkarkonosze.pl\/wp-content\/uploads\/2023\/07\/swiatynia_wang_karpacz_3.webp\" alt=\"swiatynia wang karpacz 3\" \/><\/figure><\/div><div class=\"swiper-slide\" role=\"group\" aria-roledescription=\"slide\" aria-label=\"3 z 3\"><figure class=\"swiper-slide-inner\"><img decoding=\"async\" class=\"swiper-slide-image\" src=\"https:\/\/kochamkarkonosze.pl\/wp-content\/uploads\/2023\/07\/swiatynia_wang_karpacz_1.webp\" alt=\"swiatynia wang karpacz 1\" \/><\/figure><\/div>\t\t\t<\/div>\n\t\t\t\t\t\t\t\t\t\t\t\t<div class=\"elementor-swiper-button elementor-swiper-button-prev\" role=\"button\" tabindex=\"0\">\n\t\t\t\t\t\t<svg aria-hidden=\"true\" class=\"e-font-icon-svg e-eicon-chevron-left\" viewBox=\"0 0 1000 1000\" xmlns=\"http:\/\/www.w3.org\/2000\/svg\"><path d=\"M646 125C629 125 613 133 604 142L308 442C296 454 292 471 292 487 292 504 296 521 308 533L604 854C617 867 629 875 646 875 663 875 679 871 692 858 704 846 713 829 713 812 713 796 708 779 692 767L438 487 692 225C700 217 708 204 708 187 708 171 704 154 692 142 675 129 663 125 646 125Z\"><\/path><\/svg>\t\t\t\t\t<\/div>\n\t\t\t\t\t<div class=\"elementor-swiper-button elementor-swiper-button-next\" role=\"button\" tabindex=\"0\">\n\t\t\t\t\t\t<svg aria-hidden=\"true\" class=\"e-font-icon-svg e-eicon-chevron-right\" viewBox=\"0 0 1000 1000\" xmlns=\"http:\/\/www.w3.org\/2000\/svg\"><path d=\"M696 533C708 521 713 504 713 487 713 471 708 454 696 446L400 146C388 133 375 125 354 125 338 125 325 129 313 142 300 154 292 171 292 187 292 204 296 221 308 233L563 492 304 771C292 783 288 800 288 817 288 833 296 850 308 863 321 871 338 875 354 875 371 875 388 867 400 854L696 533Z\"><\/path><\/svg>\t\t\t\t\t<\/div>\n\t\t\t\t\n\t\t\t\t\t\t\t\t\t<div class=\"swiper-pagination\"><\/div>\n\t\t\t\t\t\t\t\t\t<\/div>\n\t\t\t\t\t\t<\/div>\n\t\t\t\t<\/div>\n\t\t\t\t<div class=\"elementor-element elementor-element-57dcfa8 elementor-invisible elementor-widget elementor-widget-heading\" data-id=\"57dcfa8\" data-element_type=\"widget\" data-settings=\"{&quot;_animation&quot;:&quot;fadeInUp&quot;}\" data-widget_type=\"heading.default\">\n\t\t\t\t<div class=\"elementor-widget-container\">\n\t\t\t\t\t<h4 class=\"elementor-heading-title elementor-size-default\">St\u0159edisko ekologick\u00e9 v\u00fdchovy NATURA 2000 na map\u011b<\/h4>\t\t\t\t<\/div>\n\t\t\t\t<\/div>\n\t\t\t\t<div class=\"elementor-element elementor-element-2f320fb elementor-widget elementor-widget-html\" data-id=\"2f320fb\" data-element_type=\"widget\" data-widget_type=\"html.default\">\n\t\t\t\t<div class=\"elementor-widget-container\">\n\t\t\t\t\t<iframe src=\"https:\/\/www.google.com\/maps\/embed?pb=!1m18!1m12!1m3!1d2514.7750854963288!2d15.311541076903383!3d50.92787745287324!2m3!1f0!2f0!3f0!3m2!1i1024!2i768!4f13.1!3m3!1m2!1s0x470ed49d91d9e43b%3A0xa55f39b66f7e45d7!2sCentrum%20Edukacji%20Ekologicznej%20NATURA%202000%20%22Izerska%20%C5%81%C4%85ka%22!5e0!3m2!1spl!2spl!4v1690637420021!5m2!1spl!2spl\" width=\"600\" height=\"450\" style=\"border:0;\" allowfullscreen=\"\" loading=\"lazy\" referrerpolicy=\"no-referrer-when-downgrade\"><\/iframe>\t\t\t\t<\/div>\n\t\t\t\t<\/div>\n\t\t\t\t\t<\/div>\n\t\t<\/div>\n\t\t\t\t\t<\/div>\n\t\t<\/section>\n\t\t\t\t<section class=\"elementor-section elementor-top-section elementor-element elementor-element-e8e9ef4 elementor-section-boxed elementor-section-height-default elementor-section-height-default\" data-id=\"e8e9ef4\" data-element_type=\"section\">\n\t\t\t\t\t\t<div class=\"elementor-container elementor-column-gap-default\">\n\t\t\t\t\t<div class=\"elementor-column elementor-col-100 elementor-top-column elementor-element elementor-element-1226801\" data-id=\"1226801\" data-element_type=\"column\">\n\t\t\t<div class=\"elementor-widget-wrap elementor-element-populated\">\n\t\t\t\t\t\t<div class=\"elementor-element elementor-element-e097e24 elementor-widget__width-auto elementor-invisible elementor-widget elementor-widget-heading\" data-id=\"e097e24\" data-element_type=\"widget\" data-settings=\"{&quot;_animation&quot;:&quot;fadeInUp&quot;}\" data-widget_type=\"heading.default\">\n\t\t\t\t<div class=\"elementor-widget-container\">\n\t\t\t\t\t<h6 class=\"elementor-heading-title elementor-size-default\">nejlep\u0161\u00ed ubytov\u00e1n\u00ed<\/h6>\t\t\t\t<\/div>\n\t\t\t\t<\/div>\n\t\t\t\t<div class=\"elementor-element elementor-element-c4c89ba elementor-invisible elementor-widget elementor-widget-heading\" data-id=\"c4c89ba\" data-element_type=\"widget\" data-settings=\"{&quot;_animation&quot;:&quot;fadeInUp&quot;}\" data-widget_type=\"heading.default\">\n\t\t\t\t<div class=\"elementor-widget-container\">\n\t\t\t\t\t<h1 class=\"elementor-heading-title elementor-size-default\">Pod\u00edvejte se na nejlep\u0161\u00ed ubytov\u00e1n\u00ed<\/h1>\t\t\t\t<\/div>\n\t\t\t\t<\/div>\n\t\t\t\t<div class=\"elementor-element elementor-element-2b04711 elementor-invisible elementor-widget elementor-widget-elementskit-blog-posts\" data-id=\"2b04711\" data-element_type=\"widget\" data-settings=\"{&quot;_animation&quot;:&quot;fadeInUp&quot;}\" data-widget_type=\"elementskit-blog-posts.default\">\n\t\t\t\t<div class=\"elementor-widget-container\">\n\t\t\t\t\t<div class=\"ekit-wid-con\" >        <div id=\"post-items--2b04711\" class=\"row post-items\">\n                    <div class=\"col-lg-4 col-md-6\">\n\n                                    <div class=\"elementskit-post-image-card\">\n                        <div class=\"elementskit-entry-header\">\n                                                            <a href=\"https:\/\/kochamkarkonosze.pl\/cs\/five-seasons-hotel-szklarska-poreba\/\" class=\"elementskit-entry-thumb\">\n                                    <img decoding=\"async\" src=\"https:\/\/kochamkarkonosze.pl\/wp-content\/uploads\/2023\/07\/kocham_karkonosze_five_seasons_hotel-2-768x470.webp\" alt=\"Five Seasons Hotel Szklarska Poreba\">\n                                <\/a><!-- .elementskit-entry-thumb END -->\n                                                            \n                            \n\t\t\t\t\t\t\t\t\t\t\t\t\t<\/div><!-- .elementskit-entry-header END -->\n\n\t\t\t\t\t\t<div class=\"elementskit-post-body \">\n\t\t\t\t\t\t\t\n\t\t\t\t\t\t\t\t\t\t\t\t\t\t\t\t\t\t\t\t\t\t\t\t\t\n\t\t\t\t\t\t\t\t\n\t\t\t\t\t\t\t\t\t\t\t\t\t\t\t\t\t\t\t\t\t<h2 class=\"entry-title\">\n\t\t\t\t\t<a href=\"https:\/\/kochamkarkonosze.pl\/cs\/five-seasons-hotel-szklarska-poreba\/\">\n\t\t\t\t\t\tFive Seasons Hotel Szklarska Poreba\t\t\t\t\t<\/a>\n\t\t\t\t<\/h2>\n\t\t\t\t\t\t\t\t\t\t\t\t\t\t\t\t\t\t\t\t\t\t\t\t\t\t\t\t\t\t\t\t                                                    <\/div><!-- .elementskit-post-body END -->\n                    <\/div>\n                \n            <\/div>\n                    <div class=\"col-lg-4 col-md-6\">\n\n                                    <div class=\"elementskit-post-image-card\">\n                        <div class=\"elementskit-entry-header\">\n                                                            <a href=\"https:\/\/kochamkarkonosze.pl\/cs\/elements-hotel-spa-swieradow-zdroj\/\" class=\"elementskit-entry-thumb\">\n                                    <img decoding=\"async\" src=\"https:\/\/kochamkarkonosze.pl\/wp-content\/uploads\/2023\/07\/kocham_karkonosze_elements_hotel-768x470.webp\" alt=\"Elements Hotel &amp; SPA \u015awierad\u00f3w Zdr\u00f3j\">\n                                <\/a><!-- .elementskit-entry-thumb END -->\n                                                            \n                            \n\t\t\t\t\t\t\t\t\t\t\t\t\t<\/div><!-- .elementskit-entry-header END -->\n\n\t\t\t\t\t\t<div class=\"elementskit-post-body \">\n\t\t\t\t\t\t\t\n\t\t\t\t\t\t\t\t\t\t\t\t\t\t\t\t\t\t\t\t\t\t\t\t\t\n\t\t\t\t\t\t\t\t\n\t\t\t\t\t\t\t\t\t\t\t\t\t\t\t\t\t\t\t\t\t<h2 class=\"entry-title\">\n\t\t\t\t\t<a href=\"https:\/\/kochamkarkonosze.pl\/cs\/elements-hotel-spa-swieradow-zdroj\/\">\n\t\t\t\t\t\tElements Hotel &amp; SPA \u015awierad\u00f3w Zdr\u00f3j\t\t\t\t\t<\/a>\n\t\t\t\t<\/h2>\n\t\t\t\t\t\t\t\t\t\t\t\t\t\t\t\t\t\t\t\t\t\t\t\t\t\t\t\t\t\t\t\t                                                    <\/div><!-- .elementskit-post-body END -->\n                    <\/div>\n                \n            <\/div>\n                    <div class=\"col-lg-4 col-md-6\">\n\n                                    <div class=\"elementskit-post-image-card\">\n                        <div class=\"elementskit-entry-header\">\n                                                            <a href=\"https:\/\/kochamkarkonosze.pl\/cs\/forest-park-hotel-spa-swieradow-zdroj\/\" class=\"elementskit-entry-thumb\">\n                                    <img decoding=\"async\" src=\"https:\/\/kochamkarkonosze.pl\/wp-content\/uploads\/2023\/07\/kocham_karkonosze_forest_park-768x470.png\" alt=\"Forest Park Hotel &amp; SPA \u015awierad\u00f3w-Zdr\u00f3j\">\n                                <\/a><!-- .elementskit-entry-thumb END -->\n                                                            \n                            \n\t\t\t\t\t\t\t\t\t\t\t\t\t<\/div><!-- .elementskit-entry-header END -->\n\n\t\t\t\t\t\t<div class=\"elementskit-post-body \">\n\t\t\t\t\t\t\t\n\t\t\t\t\t\t\t\t\t\t\t\t\t\t\t\t\t\t\t\t\t\t\t\t\t\n\t\t\t\t\t\t\t\t\n\t\t\t\t\t\t\t\t\t\t\t\t\t\t\t\t\t\t\t\t\t<h2 class=\"entry-title\">\n\t\t\t\t\t<a href=\"https:\/\/kochamkarkonosze.pl\/cs\/forest-park-hotel-spa-swieradow-zdroj\/\">\n\t\t\t\t\t\tForest Park Hotel &amp; SPA \u015awierad\u00f3w-Zdr\u00f3j\t\t\t\t\t<\/a>\n\t\t\t\t<\/h2>\n\t\t\t\t\t\t\t\t\t\t\t\t\t\t\t\t\t\t\t\t\t\t\t\t\t\t\t\t\t\t\t\t                                                    <\/div><!-- .elementskit-post-body END -->\n                    <\/div>\n                \n            <\/div>\n                <\/div>\n       <\/div>\t\t\t\t<\/div>\n\t\t\t\t<\/div>\n\t\t\t\t\t<\/div>\n\t\t<\/div>\n\t\t\t\t\t<\/div>\n\t\t<\/section>\n\t\t\t\t<section class=\"elementor-section elementor-top-section elementor-element elementor-element-38548d19 elementor-section-boxed elementor-section-height-default elementor-section-height-default\" data-id=\"38548d19\" data-element_type=\"section\">\n\t\t\t\t\t\t<div class=\"elementor-container elementor-column-gap-default\">\n\t\t\t\t\t<div class=\"elementor-column elementor-col-100 elementor-top-column elementor-element elementor-element-6939b252\" data-id=\"6939b252\" data-element_type=\"column\">\n\t\t\t<div class=\"elementor-widget-wrap elementor-element-populated\">\n\t\t\t\t\t\t<div class=\"elementor-element elementor-element-5aed0444 elementor-widget__width-auto elementor-invisible elementor-widget elementor-widget-heading\" data-id=\"5aed0444\" data-element_type=\"widget\" data-settings=\"{&quot;_animation&quot;:&quot;fadeInUp&quot;}\" data-widget_type=\"heading.default\">\n\t\t\t\t<div class=\"elementor-widget-container\">\n\t\t\t\t\t<h6 class=\"elementor-heading-title elementor-size-default\">mus\u00edte to vid\u011bt<\/h6>\t\t\t\t<\/div>\n\t\t\t\t<\/div>\n\t\t\t\t<div class=\"elementor-element elementor-element-fcf0d06 elementor-invisible elementor-widget elementor-widget-heading\" data-id=\"fcf0d06\" data-element_type=\"widget\" data-settings=\"{&quot;_animation&quot;:&quot;fadeInUp&quot;}\" data-widget_type=\"heading.default\">\n\t\t\t\t<div class=\"elementor-widget-container\">\n\t\t\t\t\t<h1 class=\"elementor-heading-title elementor-size-default\">Objevte dal\u0161\u00ed zaj\u00edmavosti v Krkono\u0161\u00edch<\/h1>\t\t\t\t<\/div>\n\t\t\t\t<\/div>\n\t\t\t\t<div class=\"elementor-element elementor-element-1cea2dc1 elementor-invisible elementor-widget elementor-widget-elementskit-blog-posts\" data-id=\"1cea2dc1\" data-element_type=\"widget\" data-settings=\"{&quot;_animation&quot;:&quot;fadeInUp&quot;}\" data-widget_type=\"elementskit-blog-posts.default\">\n\t\t\t\t<div class=\"elementor-widget-container\">\n\t\t\t\t\t<div class=\"ekit-wid-con\" >        <div id=\"post-items--1cea2dc1\" class=\"row post-items\">\n                    <div class=\"col-lg-4 col-md-6\">\n\n                                    <div class=\"elementskit-post-image-card\">\n                        <div class=\"elementskit-entry-header\">\n                                                            <a href=\"https:\/\/kochamkarkonosze.pl\/cs\/utulek-samotnia-2\/\" class=\"elementskit-entry-thumb\">\n                                    <img decoding=\"async\" src=\"https:\/\/kochamkarkonosze.pl\/wp-content\/uploads\/2023\/07\/kocham_karkonosze_karpacz_schronisko-768x470.webp\" alt=\"\u00datulek Samotnia\">\n                                <\/a><!-- .elementskit-entry-thumb END -->\n                                                            \n                            \n\t\t\t\t\t\t\t\t\t\t\t\t\t<\/div><!-- .elementskit-entry-header END -->\n\n\t\t\t\t\t\t<div class=\"elementskit-post-body \">\n\t\t\t\t\t\t\t\n\t\t\t\t\t\t\t\t\t\t\t\t\t\t\t\t\t\t\t\t\t\t\t\t\t\n\t\t\t\t\t\t\t\t\n\t\t\t\t\t\t\t\t\t\t\t\t\t\t\t\t\t\t\t\t\t<h2 class=\"entry-title\">\n\t\t\t\t\t<a href=\"https:\/\/kochamkarkonosze.pl\/cs\/utulek-samotnia-2\/\">\n\t\t\t\t\t\t\u00datulek Samotnia\t\t\t\t\t<\/a>\n\t\t\t\t<\/h2>\n\t\t\t\t\t\t\t\t\t\t\t\t\t\t\t\t\t\t\t\t\t\t\t\t\t\t\t\t\t\t\t\t                                                    <\/div><!-- .elementskit-post-body END -->\n                    <\/div>\n                \n            <\/div>\n                    <div class=\"col-lg-4 col-md-6\">\n\n                                    <div class=\"elementskit-post-image-card\">\n                        <div class=\"elementskit-entry-header\">\n                                                            <a href=\"https:\/\/kochamkarkonosze.pl\/cs\/slunecnicova-grafitova-formace\/\" class=\"elementskit-entry-thumb\">\n                                    <img decoding=\"async\" src=\"https:\/\/kochamkarkonosze.pl\/wp-content\/uploads\/2023\/07\/kocham_karkonosze_karpacz_slonecznik-768x470.webp\" alt=\"Slune\u010dnicov\u00e1 grafitov\u00e1 formace\">\n                                <\/a><!-- .elementskit-entry-thumb END -->\n                                                            \n                            \n\t\t\t\t\t\t\t\t\t\t\t\t\t<\/div><!-- .elementskit-entry-header END -->\n\n\t\t\t\t\t\t<div class=\"elementskit-post-body \">\n\t\t\t\t\t\t\t\n\t\t\t\t\t\t\t\t\t\t\t\t\t\t\t\t\t\t\t\t\t\t\t\t\t\n\t\t\t\t\t\t\t\t\n\t\t\t\t\t\t\t\t\t\t\t\t\t\t\t\t\t\t\t\t\t<h2 class=\"entry-title\">\n\t\t\t\t\t<a href=\"https:\/\/kochamkarkonosze.pl\/cs\/slunecnicova-grafitova-formace\/\">\n\t\t\t\t\t\tSlune\u010dnicov\u00e1 grafitov\u00e1 formace\t\t\t\t\t<\/a>\n\t\t\t\t<\/h2>\n\t\t\t\t\t\t\t\t\t\t\t\t\t\t\t\t\t\t\t\t\t\t\t\t\t\t\t\t\t\t\t\t                                                    <\/div><!-- .elementskit-post-body END -->\n                    <\/div>\n                \n            <\/div>\n                    <div class=\"col-lg-4 col-md-6\">\n\n                                    <div class=\"elementskit-post-image-card\">\n                        <div class=\"elementskit-entry-header\">\n                                                            <a href=\"https:\/\/kochamkarkonosze.pl\/cs\/lyzarska-arena-karpacz-2\/\" class=\"elementskit-entry-thumb\">\n                                    <img decoding=\"async\" src=\"https:\/\/kochamkarkonosze.pl\/wp-content\/uploads\/2023\/07\/kocham_karkonosze_karpacz_ski_arena-768x470.webp\" alt=\"Ly\u017ea\u0159sk\u00e1 ar\u00e9na Karpacz\">\n                                <\/a><!-- .elementskit-entry-thumb END -->\n                                                            \n                            \n\t\t\t\t\t\t\t\t\t\t\t\t\t<\/div><!-- .elementskit-entry-header END -->\n\n\t\t\t\t\t\t<div class=\"elementskit-post-body \">\n\t\t\t\t\t\t\t\n\t\t\t\t\t\t\t\t\t\t\t\t\t\t\t\t\t\t\t\t\t\t\t\t\t\n\t\t\t\t\t\t\t\t\n\t\t\t\t\t\t\t\t\t\t\t\t\t\t\t\t\t\t\t\t\t<h2 class=\"entry-title\">\n\t\t\t\t\t<a href=\"https:\/\/kochamkarkonosze.pl\/cs\/lyzarska-arena-karpacz-2\/\">\n\t\t\t\t\t\tLy\u017ea\u0159sk\u00e1 ar\u00e9na Karpacz\t\t\t\t\t<\/a>\n\t\t\t\t<\/h2>\n\t\t\t\t\t\t\t\t\t\t\t\t\t\t\t\t\t\t\t\t\t\t\t\t\t\t\t\t\t\t\t\t                                                    <\/div><!-- .elementskit-post-body END -->\n                    <\/div>\n                \n            <\/div>\n                <\/div>\n       <\/div>\t\t\t\t<\/div>\n\t\t\t\t<\/div>\n\t\t\t\t\t<\/div>\n\t\t<\/div>\n\t\t\t\t\t<\/div>\n\t\t<\/section>\n\t\t\t\t<\/div>\n\t\t","protected":false},"excerpt":{"rendered":"<p>St\u0159edisko ekologick\u00e9 v\u00fdchovy NATURA 2000 ve \u015awierad\u00f3w\u011b-Zdroji je jedine\u010dn\u00fdm m\u00edstem, kter\u00e9 pln\u011b odr\u00e1\u017e\u00ed kr\u00e1su a jedine\u010dnost p\u0159\u00edrody tohoto regionu. Centrum, kter\u00e9 se nach\u00e1z\u00ed v srdci malebn\u00fdch l\u00e1zn\u00ed, l\u00e1k\u00e1 milovn\u00edky p\u0159\u00edrody i turisty, kte\u0159\u00ed cht\u011bj\u00ed poznat a pochopit bohatstv\u00ed ekosyst\u00e9m\u016f a divok\u00e9 p\u0159\u00edrody Jizersk\u00fdch hor. Hlavn\u00edm c\u00edlem st\u0159ediska ekologick\u00e9 v\u00fdchovy NATURA 2000 je zvy\u0161ovat pov\u011bdom\u00ed o [&hellip;]<\/p>\n","protected":false},"author":1,"featured_media":4723,"comment_status":"closed","ping_status":"closed","sticky":false,"template":"","format":"standard","meta":{"footnotes":""},"categories":[47],"tags":[],"class_list":["post-7984","post","type-post","status-publish","format-standard","has-post-thumbnail","hentry","category-swieradow-zdroj-cs"],"_links":{"self":[{"href":"https:\/\/kochamkarkonosze.pl\/cs\/wp-json\/wp\/v2\/posts\/7984","targetHints":{"allow":["GET"]}}],"collection":[{"href":"https:\/\/kochamkarkonosze.pl\/cs\/wp-json\/wp\/v2\/posts"}],"about":[{"href":"https:\/\/kochamkarkonosze.pl\/cs\/wp-json\/wp\/v2\/types\/post"}],"author":[{"embeddable":true,"href":"https:\/\/kochamkarkonosze.pl\/cs\/wp-json\/wp\/v2\/users\/1"}],"replies":[{"embeddable":true,"href":"https:\/\/kochamkarkonosze.pl\/cs\/wp-json\/wp\/v2\/comments?post=7984"}],"version-history":[{"count":1,"href":"https:\/\/kochamkarkonosze.pl\/cs\/wp-json\/wp\/v2\/posts\/7984\/revisions"}],"predecessor-version":[{"id":7986,"href":"https:\/\/kochamkarkonosze.pl\/cs\/wp-json\/wp\/v2\/posts\/7984\/revisions\/7986"}],"wp:featuredmedia":[{"embeddable":true,"href":"https:\/\/kochamkarkonosze.pl\/cs\/wp-json\/wp\/v2\/media\/4723"}],"wp:attachment":[{"href":"https:\/\/kochamkarkonosze.pl\/cs\/wp-json\/wp\/v2\/media?parent=7984"}],"wp:term":[{"taxonomy":"category","embeddable":true,"href":"https:\/\/kochamkarkonosze.pl\/cs\/wp-json\/wp\/v2\/categories?post=7984"},{"taxonomy":"post_tag","embeddable":true,"href":"https:\/\/kochamkarkonosze.pl\/cs\/wp-json\/wp\/v2\/tags?post=7984"}],"curies":[{"name":"wp","href":"https:\/\/api.w.org\/{rel}","templated":true}]}}